{"id":704,"date":"2019-12-20T10:32:59","date_gmt":"2019-12-20T10:32:59","guid":{"rendered":"http:\/\/gew-unterfranken.de\/?p=704"},"modified":"2019-12-20T10:32:59","modified_gmt":"2019-12-20T10:32:59","slug":"gew-trauert-um-hochverdientes-mitglied","status":"publish","type":"post","link":"https:\/\/gew-unterfranken.de\/?p=704","title":{"rendered":"GEW trauert um hochverdientes Mitglied"},"content":{"rendered":"\n<p>Die Bildungsgewerkschaft GEW, insbesondere ihr Bezirk Unterfranken,  trauert um Prof. Dr. Johannes  Andreas M\u00f6ckel, der nun kurz vor seinem 93. Geburtstag in W\u00fcrzburg  verstarb.<br>Andreas  M\u00f6ckel studierte nach Vertreibung und Flucht aus dem rum\u00e4nischen  Siebenb\u00fcrgen und der Sowjetunion in Stuttgart das Lehramt f\u00fcr  Volksschulen. Vor 67 Jahren trat er in die GEW ein. Nach Promotion und  Hochschullehre in Baden-W\u00fcrttemberg, wurde er 1976 auf einen der ersten  Lehrst\u00fchle f\u00fcr Sonderp\u00e4dagogik (Lernbehindertenp\u00e4dagogik) in Deutschland  berufen, der an der Julius-Maximilians-Universit\u00e4t eingerichtet wurde.  Einer seiner vielen Forschungsschwerpunkte war  Lese-Rechtschreibschw\u00e4che, zu der er wegweisende Fachliteratur  ver\u00f6ffentlichte. Au\u00dferdem forschte und publizierte er zur Geschichte der  Sonderp\u00e4dagogik. Sein politisches Leben wurde gepr\u00e4gt von der  Auseinandersetzung mit rechtem Gedankengut, der Geschichte der Deutschen  in Rum\u00e4nien und dem deutschen Widerstand um den Kreisauer Kreis. 1992  wurde er emeritiert. Er wurde f\u00fcr sein vielf\u00e4ltiges p\u00e4dagogisches,  wissenschaftliches und gesellschaftspolitisches Wirken von der JMU mit  der Medaille Bene Merenti in Gold ausgezeichnet.<br>&#8222;<em>Wir  vermissen seine Weitsicht, seine Klarheit im Ausdruck und sein gesellschaftliches Engagement. Ihm werden wir ein  ehrendes Andenken wahren<\/em>.\u201c versicherten der GEW Landesvorsitzende Anton Salzbrunn, der  Bezirksvorsitzende Martin Heilig und die Kreisvorsitzende Lore  Koerber-Becker anl\u00e4sslich einer GEW-Mitgliederversammlung diese Woche.<br><\/p>\n\n\n\n<p>Foto: google\/Petra Reiner<\/p>\n","protected":false},"excerpt":{"rendered":"<p>Die Bildungsgewerkschaft GEW, insbesondere ihr Bezirk Unterfranken, trauert um Prof. Dr. Johannes Andreas M\u00f6ckel, der nun kurz vor seinem 93. Geburtstag in W\u00fcrzburg verstarb.Andreas M\u00f6ckel studierte nach Vertreibung und Flucht aus dem rum\u00e4nischen Siebenb\u00fcrgen und der Sowjetunion in Stuttgart das Lehramt f\u00fcr Volksschulen. Vor 67 Jahren trat er in die GEW ein. Nach Promotion und<\/p><\/div>\n<div class=\"blog-btn\"><a href=\"https:\/\/gew-unterfranken.de\/?p=704\" class=\"home-blog-btn\">Weiterlesen<\/a><\/p>\n","protected":false},"author":2,"featured_media":705,"comment_status":"closed","ping_status":"closed","sticky":false,"template":"","format":"standard","meta":[],"categories":[24,25,22],"tags":[],"_links":{"self":[{"href":"https:\/\/gew-unterfranken.de\/index.php?rest_route=\/wp\/v2\/posts\/704"}],"collection":[{"href":"https:\/\/gew-unterfranken.de\/index.php?rest_route=\/wp\/v2\/posts"}],"about":[{"href":"https:\/\/gew-unterfranken.de\/index.php?rest_route=\/wp\/v2\/types\/post"}],"author":[{"embeddable":true,"href":"https:\/\/gew-unterfranken.de\/index.php?rest_route=\/wp\/v2\/users\/2"}],"replies":[{"embeddable":true,"href":"https:\/\/gew-unterfranken.de\/index.php?rest_route=%2Fwp%2Fv2%2Fcomments&post=704"}],"version-history":[{"count":1,"href":"https:\/\/gew-unterfranken.de\/index.php?rest_route=\/wp\/v2\/posts\/704\/revisions"}],"predecessor-version":[{"id":706,"href":"https:\/\/gew-unterfranken.de\/index.php?rest_route=\/wp\/v2\/posts\/704\/revisions\/706"}],"wp:featuredmedia":[{"embeddable":true,"href":"https:\/\/gew-unterfranken.de\/index.php?rest_route=\/wp\/v2\/media\/705"}],"wp:attachment":[{"href":"https:\/\/gew-unterfranken.de\/index.php?rest_route=%2Fwp%2Fv2%2Fmedia&parent=704"}],"wp:term":[{"taxonomy":"category","embeddable":true,"href":"https:\/\/gew-unterfranken.de\/index.php?rest_route=%2Fwp%2Fv2%2Fcategories&post=704"},{"taxonomy":"post_tag","embeddable":true,"href":"https:\/\/gew-unterfranken.de\/index.php?rest_route=%2Fwp%2Fv2%2Ftags&post=704"}],"curies":[{"name":"wp","href":"https:\/\/api.w.org\/{rel}","templated":true}]}}