{"id":692,"date":"2019-12-10T14:21:42","date_gmt":"2019-12-10T14:21:42","guid":{"rendered":"http:\/\/gew-unterfranken.de\/?p=692"},"modified":"2019-12-10T14:24:57","modified_gmt":"2019-12-10T14:24:57","slug":"abschiebung-verhindert","status":"publish","type":"post","link":"https:\/\/gew-unterfranken.de\/?p=692","title":{"rendered":"Abschiebung verhindert"},"content":{"rendered":"\n<p> \u201eDie internationale Menschenrechtskonvention steht \u00fcber jedem nationalen  Asylrecht, auch dem bayerischen\u201c, so J\u00f6rg Nellen, der Gesch\u00e4ftsf\u00fchrer  der GEW Unterfranken zum aktuellen Fall der versuchten Abschiebung eines 22-j\u00e4hrigen Afghanen aus einer Schule in Erlenbach. Diese Kritik nahm die MAIN-POST in ihrem diesbez\u00fcglichen Artikel auf: <\/p>\n\n\n\n<p>Foto: Archiv<\/p>\n\n\n\n<p><a href=\"https:\/\/www.mainpost.de\/regional\/main-spessart\/22-jaehriger-Afghane-Abschiebung-kurz-vor-Abflug-verhindert;art20704,10367953\">zum MAIN-POST-Artikel<\/a><\/p>\n","protected":false},"excerpt":{"rendered":"<p>\u201eDie internationale Menschenrechtskonvention steht \u00fcber jedem nationalen Asylrecht, auch dem bayerischen\u201c, so J\u00f6rg Nellen, der Gesch\u00e4ftsf\u00fchrer der GEW Unterfranken zum aktuellen Fall der versuchten Abschiebung eines 22-j\u00e4hrigen Afghanen aus einer Schule in Erlenbach. Diese Kritik nahm die MAIN-POST in ihrem diesbez\u00fcglichen Artikel auf: Foto: Archiv zum MAIN-POST-Artikel<\/p>\n","protected":false},"author":2,"featured_media":693,"comment_status":"closed","ping_status":"closed","sticky":false,"template":"","format":"standard","meta":[],"categories":[13,24,25,15],"tags":[37,26],"_links":{"self":[{"href":"https:\/\/gew-unterfranken.de\/index.php?rest_route=\/wp\/v2\/posts\/692"}],"collection":[{"href":"https:\/\/gew-unterfranken.de\/index.php?rest_route=\/wp\/v2\/posts"}],"about":[{"href":"https:\/\/gew-unterfranken.de\/index.php?rest_route=\/wp\/v2\/types\/post"}],"author":[{"embeddable":true,"href":"https:\/\/gew-unterfranken.de\/index.php?rest_route=\/wp\/v2\/users\/2"}],"replies":[{"embeddable":true,"href":"https:\/\/gew-unterfranken.de\/index.php?rest_route=%2Fwp%2Fv2%2Fcomments&post=692"}],"version-history":[{"count":3,"href":"https:\/\/gew-unterfranken.de\/index.php?rest_route=\/wp\/v2\/posts\/692\/revisions"}],"predecessor-version":[{"id":696,"href":"https:\/\/gew-unterfranken.de\/index.php?rest_route=\/wp\/v2\/posts\/692\/revisions\/696"}],"wp:featuredmedia":[{"embeddable":true,"href":"https:\/\/gew-unterfranken.de\/index.php?rest_route=\/wp\/v2\/media\/693"}],"wp:attachment":[{"href":"https:\/\/gew-unterfranken.de\/index.php?rest_route=%2Fwp%2Fv2%2Fmedia&parent=692"}],"wp:term":[{"taxonomy":"category","embeddable":true,"href":"https:\/\/gew-unterfranken.de\/index.php?rest_route=%2Fwp%2Fv2%2Fcategories&post=692"},{"taxonomy":"post_tag","embeddable":true,"href":"https:\/\/gew-unterfranken.de\/index.php?rest_route=%2Fwp%2Fv2%2Ftags&post=692"}],"curies":[{"name":"wp","href":"https:\/\/api.w.org\/{rel}","templated":true}]}}