{"id":674,"date":"2019-12-04T17:13:20","date_gmt":"2019-12-04T17:13:20","guid":{"rendered":"http:\/\/gew-unterfranken.de\/?p=674"},"modified":"2019-12-10T14:47:55","modified_gmt":"2019-12-10T14:47:55","slug":"ein-gelungenes-gew-projekt-in-aschaffenburg","status":"publish","type":"post","link":"https:\/\/gew-unterfranken.de\/?p=674","title":{"rendered":"Ein gelungenes GEW-Projekt in Aschaffenburg"},"content":{"rendered":"\n<p>Die GEW Aschaffenburg-Miltenberg hatte Anfang des Jahres beschlossen, sich an ein Lese-Projekt zu wagen. Im Projekt-Team sch\u00e4lten sich schlie\u00dflich schnell folgende Eckdaten heraus: Man einigte sich auf den Projekt-Namen \u201e<em><strong>LesARTen<\/strong><\/em>\u201c. Es sollte an <strong>f\u00fcnf Abenden<\/strong> in einer Woche durchgezogen und f\u00fcr <strong>je<\/strong>den <strong>Abend ein Kooperations-Partner<\/strong> gefunden werden, der sich um Ort und\/oder Abendprogramm sowie die Bewerbung k\u00fcmmerte. Als <strong>Rahmenthema<\/strong> f\u00fcr die Abende wurde f\u00fcr dieses Jahr <strong>\u201e<\/strong><em><strong>Heimat? &#8211; Heimat!<\/strong><\/em><strong>\u201c<\/strong> gew\u00e4hlt. Anfang August stand das Programm und die Bewerbung auch \u00fcber die Medien der Stadt konnte anlaufen.<\/p>\n\n\n\n<!--more-->\n\n\n\n<p>Vielleicht etwas\nungew\u00f6hnlich f\u00fcr eine Lesewoche wurde sie im lokalen Programmkino\n<strong>mit einem Film er\u00f6ffnet<\/strong>, der sich als Literatur-Neuverfilmung\nallerdings als bestens geeignet herausstellte: \u201e<strong>Deutschstunde<\/strong>\u201c\nnach dem Welt-Bestseller-Roman von Siegfried Lenz. Er war erst wenige\nTage vorher angelaufen und so war der kleine Saal bis auf den letzten\nder 50 Pl\u00e4tze gef\u00fcllt. Die GEW-Mitglieder im Kreisverband hatten\neinen Freikarten-Gutschein per Post erhalten. Nach dem Film konnte\nman viele Stimmen h\u00f6ren im Sinne von \u201eDas muss ich nochmal\nnachlesen.\u201c \u2013 Was will ein Leseprojekt mehr?<\/p>\n\n\n\n<p>Am <strong>Dienstagabend<\/strong> wurden in einem Raum des Aschaffenburger Stiftsmuseums rund 40 Zuh\u00f6rerInnen auf einen <strong>Streifzug durch die Stadtgeschichte<\/strong> mitgenommen, im ersten Teil anhand des geschichtlichen Lesebuchs \u00bbBlickwinkel Aschaffenburg\u00ab, geschrieben 1996 von drei GEW-Kollegen und 2010 in zweiter \u00fcberarbeiteter Auflage erschienen. Es lasen Martin Hahn, einer der Mitverfasser, und Heiner Herrmann, sein ehemaliger Schulleiter (Sch\u00f6llkrippen). Als das \u201eBesondere\u201c des Abends w\u00fcrdigte die <a href=\"https:\/\/www.main-echo.de\/regional\/stadt-kreis-aschaffenburg\/Aus-dem-Blickwinkel-der-kleinen-Leute;art4011,6837379\" target=\"_blank\" rel=\"noreferrer noopener\" aria-label=\" (\u00f6ffnet in neuem Tab)\">Lokalpresse<\/a> die Zeitzeugen-Beitr\u00e4ge des Glattbacher Ehepaars Herrmann, Jahrgang 1927, die ihr Sohn Heiner dokumentiert hatte und jetzt authentisch vortragen konnte.  <\/p>\n\n\n\n<p>Einen \u201em\u00e4rchenhafte Exkurs\u201c zum Rahmenthema gab es am <strong>Mittwochabend <\/strong>im Story-Stage-<strong>M\u00e4rchentheater <\/strong>mit G\u00fcnther Geisler und Hild Stapf. Exkurs kommt vom lateinischen excurrere, wof\u00fcr man die Bedeutung \u201ehinauslaufen\u201c im Lexikon findet. Das taten die Texte von G\u00fcnter Geisler dann auch ziemlich weit und lang, jedenfalls nach dem Geschmack des ziemlich \u00fcberschaubaren Publikums. Nach ihm h\u00e4tten die verfremdeten Spessart-M\u00e4rchen und Sagen im ersten Teil den Themenrahmen und auch den Abend voll ausgef\u00fcllt &#8230;  <\/p>\n\n\n\n<p>Ganz anders am <strong>Donnerstag <\/strong>Abend: Im voll besetzten <strong>j\u00fcdischen Dokumentationszentrum<\/strong> am Wolfsthalplatz stand <strong>Ruth Weiss <\/strong>im Mittelpunkt &#8211; \u201eAutorin und Journalistin gegen Rassismus und f\u00fcr Gerechtigkeit\u201c. Doris Kanja (GEW) pr\u00e4sentierte biographische Informationen und hob neben den engen Verbindungen der Namensgeberin einer Aschaffenburger Realschule zu Stadt und Umland \u00fcber die j\u00fcdische Familie ihren Kampf gegen das Unrecht der Apartheidpolitik im s\u00fcdlichen Afrika hervor. Albrecht Sylla (GEW) las sehr einf\u00fchlsam und ausdrucksstark aus ihrem Roman \u201eMeine Schwester Sara\u201c (2002). Das Publikum h\u00e4tte nach den 90 Minuten sicher gerne noch ein bisschen gelauscht.<\/p>\n\n\n\n<p>Den Abschlussabend am <strong>Freitag <\/strong>bestritten im <strong>Martinushaus <\/strong>vier AktivistInnen aus dem lokalen globalisierungskritischen Netzwerk mit einschl\u00e4gigen Texten von AutorInnen, deren Wurzeln von der lokalen Kulturszene bis in so weit entfernte Teile des Globus wie Bosnien, Pal\u00e4stina, Iran oder Chile reichten. Dazu sang Reinhard Frankl (GEW) in heimischer Mundart Lieder wie \u201eDes Land is doi Land\u201c, das auch den Titel des Abends lieferte. Das Publikum w\u00fcrdigte das in Hinblick auf den Untertitel \u201e<strong>Lieder und Literatur zu einem umstrittenen Begriff<\/strong>\u201c rundum gelungene und kurzweilige Programm mitunter mit stehendem Applaus.<\/p>\n\n\n\n<p>Der Pilot ist gelandet. Ob das Projekt im n\u00e4chsten Jahr weiter gef\u00fchrt wird? \u2013 Wie immer eine \u201emacht\u201c-Frage &#8230;<\/p>\n\n\n\n<div class=\"wp-block-file\"><a href=\"http:\/\/gew-unterfranken.de\/wp-content\/uploads\/2019\/12\/Blickwinkel_Texte_20191015.pdf\">Blickwinkel_Texte_20191015<\/a><a href=\"http:\/\/gew-unterfranken.de\/wp-content\/uploads\/2019\/12\/Blickwinkel_Texte_20191015.pdf\" class=\"wp-block-file__button\" download>Herunterladen<\/a><\/div>\n\n\n\n<div class=\"wp-block-file\"><a href=\"http:\/\/gew-unterfranken.de\/wp-content\/uploads\/2019\/12\/LesArten20191018_doku.pdf\">LesArtenFreitag20191018_doku<\/a><a href=\"http:\/\/gew-unterfranken.de\/wp-content\/uploads\/2019\/12\/LesArten20191018_doku.pdf\" class=\"wp-block-file__button\" download>Herunterladen<\/a><\/div>\n\n\n\n<ul class=\"wp-block-gallery columns-3 is-cropped\"><li class=\"blocks-gallery-item\"><figure><img loading=\"lazy\" width=\"683\" height=\"1024\" src=\"https:\/\/gew-unterfranken.de\/wp-content\/uploads\/2019\/12\/IMG_5693-683x1024.jpg\" alt=\"\" data-id=\"675\" data-link=\"https:\/\/gew-unterfranken.de\/?attachment_id=675\" class=\"wp-image-675\" srcset=\"https:\/\/gew-unterfranken.de\/wp-content\/uploads\/2019\/12\/IMG_5693-683x1024.jpg 683w, https:\/\/gew-unterfranken.de\/wp-content\/uploads\/2019\/12\/IMG_5693-200x300.jpg 200w, https:\/\/gew-unterfranken.de\/wp-content\/uploads\/2019\/12\/IMG_5693-768x1152.jpg 768w\" sizes=\"(max-width: 683px) 100vw, 683px\" \/><figcaption>Ludwig liest Mahmoud Darwish (Pal\u00e4stina) und Pablo Neruda (Chile)<\/figcaption><\/figure><\/li><li class=\"blocks-gallery-item\"><figure><img loading=\"lazy\" width=\"683\" height=\"1024\" src=\"https:\/\/gew-unterfranken.de\/wp-content\/uploads\/2019\/12\/IMG_5682-683x1024.jpg\" alt=\"\" data-id=\"677\" data-link=\"https:\/\/gew-unterfranken.de\/?attachment_id=677\" class=\"wp-image-677\" srcset=\"https:\/\/gew-unterfranken.de\/wp-content\/uploads\/2019\/12\/IMG_5682-683x1024.jpg 683w, https:\/\/gew-unterfranken.de\/wp-content\/uploads\/2019\/12\/IMG_5682-200x300.jpg 200w, https:\/\/gew-unterfranken.de\/wp-content\/uploads\/2019\/12\/IMG_5682-768x1152.jpg 768w\" sizes=\"(max-width: 683px) 100vw, 683px\" \/><figcaption>Reiner: &#8222;Des Land is doi Land&#8220; und andere Lieder<\/figcaption><\/figure><\/li><li class=\"blocks-gallery-item\"><figure><img loading=\"lazy\" width=\"683\" height=\"1024\" src=\"https:\/\/gew-unterfranken.de\/wp-content\/uploads\/2019\/12\/IMG_5716-683x1024.jpg\" alt=\"\" data-id=\"678\" data-link=\"https:\/\/gew-unterfranken.de\/?attachment_id=678\" class=\"wp-image-678\" srcset=\"https:\/\/gew-unterfranken.de\/wp-content\/uploads\/2019\/12\/IMG_5716-683x1024.jpg 683w, https:\/\/gew-unterfranken.de\/wp-content\/uploads\/2019\/12\/IMG_5716-200x300.jpg 200w, https:\/\/gew-unterfranken.de\/wp-content\/uploads\/2019\/12\/IMG_5716-768x1152.jpg 768w\" sizes=\"(max-width: 683px) 100vw, 683px\" \/><figcaption>Dorothea liest Ceija Stojka (Roma, Wien) und Sudabeh Mohafez (Iran\/D)<\/figcaption><\/figure><\/li><li class=\"blocks-gallery-item\"><figure><img loading=\"lazy\" width=\"683\" height=\"1024\" src=\"https:\/\/gew-unterfranken.de\/wp-content\/uploads\/2019\/12\/IMG_5683-683x1024.jpg\" alt=\"\" data-id=\"679\" data-link=\"https:\/\/gew-unterfranken.de\/?attachment_id=679\" class=\"wp-image-679\" srcset=\"https:\/\/gew-unterfranken.de\/wp-content\/uploads\/2019\/12\/IMG_5683-683x1024.jpg 683w, https:\/\/gew-unterfranken.de\/wp-content\/uploads\/2019\/12\/IMG_5683-200x300.jpg 200w, https:\/\/gew-unterfranken.de\/wp-content\/uploads\/2019\/12\/IMG_5683-768x1152.jpg 768w\" sizes=\"(max-width: 683px) 100vw, 683px\" \/><figcaption>Peter liest Tucholsky und Sa\u0161a Stani\u0161i\u0107<\/figcaption><\/figure><\/li><li class=\"blocks-gallery-item\"><figure><img loading=\"lazy\" width=\"1024\" height=\"683\" src=\"https:\/\/gew-unterfranken.de\/wp-content\/uploads\/2019\/12\/IMG_5743-1024x683.jpg\" alt=\"\" data-id=\"680\" data-link=\"https:\/\/gew-unterfranken.de\/?attachment_id=680\" class=\"wp-image-680\" srcset=\"https:\/\/gew-unterfranken.de\/wp-content\/uploads\/2019\/12\/IMG_5743-1024x683.jpg 1024w, https:\/\/gew-unterfranken.de\/wp-content\/uploads\/2019\/12\/IMG_5743-300x200.jpg 300w, https:\/\/gew-unterfranken.de\/wp-content\/uploads\/2019\/12\/IMG_5743-768x512.jpg 768w\" sizes=\"(max-width: 1024px) 100vw, 1024px\" \/><figcaption>Karlheinz liest Holger Paetz und Norbert Meidhof<\/figcaption><\/figure><\/li><li class=\"blocks-gallery-item\"><figure><img loading=\"lazy\" width=\"1024\" height=\"578\" src=\"https:\/\/gew-unterfranken.de\/wp-content\/uploads\/2019\/12\/IMG_20191016_195725-1024x578.jpg\" alt=\"\" data-id=\"697\" data-link=\"https:\/\/gew-unterfranken.de\/?attachment_id=697\" class=\"wp-image-697\" srcset=\"https:\/\/gew-unterfranken.de\/wp-content\/uploads\/2019\/12\/IMG_20191016_195725-1024x578.jpg 1024w, https:\/\/gew-unterfranken.de\/wp-content\/uploads\/2019\/12\/IMG_20191016_195725-300x169.jpg 300w, https:\/\/gew-unterfranken.de\/wp-content\/uploads\/2019\/12\/IMG_20191016_195725-768x434.jpg 768w\" sizes=\"(max-width: 1024px) 100vw, 1024px\" \/><figcaption>&#8222;Heimat&#8220; im M\u00e4rchentheater<\/figcaption><\/figure><\/li><li class=\"blocks-gallery-item\"><figure><img loading=\"lazy\" width=\"1024\" height=\"578\" src=\"https:\/\/gew-unterfranken.de\/wp-content\/uploads\/2019\/12\/IMG_20191017_193300-1024x578.jpg\" alt=\"\" data-id=\"698\" data-link=\"https:\/\/gew-unterfranken.de\/?attachment_id=698\" class=\"wp-image-698\" srcset=\"https:\/\/gew-unterfranken.de\/wp-content\/uploads\/2019\/12\/IMG_20191017_193300-1024x578.jpg 1024w, https:\/\/gew-unterfranken.de\/wp-content\/uploads\/2019\/12\/IMG_20191017_193300-300x169.jpg 300w, https:\/\/gew-unterfranken.de\/wp-content\/uploads\/2019\/12\/IMG_20191017_193300-768x434.jpg 768w\" sizes=\"(max-width: 1024px) 100vw, 1024px\" \/><figcaption>Doris und Albrecht lesen Edith Stein<\/figcaption><\/figure><\/li><\/ul>\n","protected":false},"excerpt":{"rendered":"<p>Die GEW Aschaffenburg-Miltenberg hatte Anfang des Jahres beschlossen, sich an ein Lese-Projekt zu wagen. Im Projekt-Team sch\u00e4lten sich schlie\u00dflich schnell folgende Eckdaten heraus: Man einigte sich auf den Projekt-Namen \u201eLesARTen\u201c. Es sollte an f\u00fcnf Abenden in einer Woche durchgezogen und f\u00fcr jeden Abend ein Kooperations-Partner gefunden werden, der sich um Ort und\/oder Abendprogramm sowie die<\/p><\/div>\n<div class=\"blog-btn\"><a href=\"https:\/\/gew-unterfranken.de\/?p=674\" class=\"home-blog-btn\">Weiterlesen<\/a><\/p>\n","protected":false},"author":2,"featured_media":622,"comment_status":"closed","ping_status":"closed","sticky":false,"template":"","format":"standard","meta":[],"categories":[13,24],"tags":[3,36],"_links":{"self":[{"href":"https:\/\/gew-unterfranken.de\/index.php?rest_route=\/wp\/v2\/posts\/674"}],"collection":[{"href":"https:\/\/gew-unterfranken.de\/index.php?rest_route=\/wp\/v2\/posts"}],"about":[{"href":"https:\/\/gew-unterfranken.de\/index.php?rest_route=\/wp\/v2\/types\/post"}],"author":[{"embeddable":true,"href":"https:\/\/gew-unterfranken.de\/index.php?rest_route=\/wp\/v2\/users\/2"}],"replies":[{"embeddable":true,"href":"https:\/\/gew-unterfranken.de\/index.php?rest_route=%2Fwp%2Fv2%2Fcomments&post=674"}],"version-history":[{"count":10,"href":"https:\/\/gew-unterfranken.de\/index.php?rest_route=\/wp\/v2\/posts\/674\/revisions"}],"predecessor-version":[{"id":700,"href":"https:\/\/gew-unterfranken.de\/index.php?rest_route=\/wp\/v2\/posts\/674\/revisions\/700"}],"wp:featuredmedia":[{"embeddable":true,"href":"https:\/\/gew-unterfranken.de\/index.php?rest_route=\/wp\/v2\/media\/622"}],"wp:attachment":[{"href":"https:\/\/gew-unterfranken.de\/index.php?rest_route=%2Fwp%2Fv2%2Fmedia&parent=674"}],"wp:term":[{"taxonomy":"category","embeddable":true,"href":"https:\/\/gew-unterfranken.de\/index.php?rest_route=%2Fwp%2Fv2%2Fcategories&post=674"},{"taxonomy":"post_tag","embeddable":true,"href":"https:\/\/gew-unterfranken.de\/index.php?rest_route=%2Fwp%2Fv2%2Ftags&post=674"}],"curies":[{"name":"wp","href":"https:\/\/api.w.org\/{rel}","templated":true}]}}