{"id":650,"date":"2019-11-25T17:31:27","date_gmt":"2019-11-25T17:31:27","guid":{"rendered":"http:\/\/gew-unterfranken.de\/?p=650"},"modified":"2019-12-27T15:33:41","modified_gmt":"2019-12-27T15:33:41","slug":"high-level-diskussion-und-voller-saal","status":"publish","type":"post","link":"https:\/\/gew-unterfranken.de\/?p=650","title":{"rendered":"High-Level Diskussion und voller Saal"},"content":{"rendered":"\n<p><strong>26. Folge der GEW-Fortbildungsreihe Reihe &#8222;bildung anders&#8220; &#8211; ein Riesenerfolg!<\/strong><\/p>\n\n\n\n<p>Mit der Vorf\u00fchrung einer Dokumentation anhand von ZeitzeugInnen-Inerviews zu <strong>Revolution, R\u00e4terepubliken und Freikorps-Terror<\/strong> von 1918\/1919 begann das diesj\u00e4hrige Seminar der fr\u00e4nkischen GEW-Verb\u00e4nde. Die TeilnehmerInnen zeigten sich in der Aussprache tief beeindruckt und bewegt von den Filmaufnahmen, die Ende der 1980iger Jahre entstanden. Anschlie\u00dfend wurden jeweils <a rel=\"noreferrer noopener\" aria-label=\"10 Thesen (\u00f6ffnet in neuem Tab)\" href=\"https:\/\/www.gew-oberfranken.de\/bildung-anders\/\" target=\"_blank\">10 Thesen<\/a> der Referenten Schorsch Wiesmaier, ehemals GEW-Landesvorsitzender, und Prof. Dr. Fritz Reheis, Soziologe und Erziehungswissenschaftler, bis 2015 am Lehrstuhl f\u00fcr Politische Theorie der Universit\u00e4t Bamberg, ausf\u00fchrlich und auf hohem sachlichem Niveau diskutiert.<\/p>\n\n\n\n<p>Der zwar h\u00f6chst unterhaltsame, aber nicht minder tiefgr\u00fcndige kulturelle Teil des Fortbildungs-Programmes erfolgte in der Erlanger Stadthalle, deren kleiner Saal &#8211; gr\u00f6\u00dfer als seine Bezeichnung vermuten l\u00e4sst! &#8211; reichlich gef\u00fcllt war. Die GEW hatte f\u00fcr diesen Abend Hans Well (ex-Bierm\u00f6sl-Blosn) und die &#8222;Wellbappn&#8220; mit ihrem Programm &#8222;Rotes Bayern. Es lebe der Freistaat!&#8220; gewinnen k\u00f6nnen, das als CD im M\u00e4rz diesen Jahres den Deutschen H\u00f6rbuchpreis 2019 verliehen bekam.  Das Publikum honororierte den authentischen musikalischen Vortrag der Wellbappn und die hochkar\u00e4tige und fesselnde schauspielerische Leseleistung von Bernhard Butz, Gert Heidenreich, Maria Peschek und Gisela Schneeberger mit begeistertem und lang anhaltendem Beifall.<\/p>\n\n\n\n<ul class=\"wp-block-gallery columns-3 is-cropped\"><li class=\"blocks-gallery-item\"><figure><img loading=\"lazy\" width=\"1024\" height=\"768\" src=\"https:\/\/gew-unterfranken.de\/wp-content\/uploads\/2019\/11\/bildand26_0009-1024x768.jpg\" alt=\"\" data-id=\"654\" data-link=\"https:\/\/gew-unterfranken.de\/?attachment_id=654\" class=\"wp-image-654\" srcset=\"https:\/\/gew-unterfranken.de\/wp-content\/uploads\/2019\/11\/bildand26_0009.jpg 1024w, https:\/\/gew-unterfranken.de\/wp-content\/uploads\/2019\/11\/bildand26_0009-300x225.jpg 300w, https:\/\/gew-unterfranken.de\/wp-content\/uploads\/2019\/11\/bildand26_0009-768x576.jpg 768w\" sizes=\"(max-width: 1024px) 100vw, 1024px\" \/><\/figure><\/li><li class=\"blocks-gallery-item\"><figure><img loading=\"lazy\" width=\"1024\" height=\"768\" src=\"https:\/\/gew-unterfranken.de\/wp-content\/uploads\/2019\/11\/bildand26_0013-1024x768.jpg\" alt=\"\" data-id=\"655\" data-link=\"https:\/\/gew-unterfranken.de\/?attachment_id=655\" class=\"wp-image-655\" srcset=\"https:\/\/gew-unterfranken.de\/wp-content\/uploads\/2019\/11\/bildand26_0013.jpg 1024w, https:\/\/gew-unterfranken.de\/wp-content\/uploads\/2019\/11\/bildand26_0013-300x225.jpg 300w, https:\/\/gew-unterfranken.de\/wp-content\/uploads\/2019\/11\/bildand26_0013-768x576.jpg 768w\" sizes=\"(max-width: 1024px) 100vw, 1024px\" \/><\/figure><\/li><li class=\"blocks-gallery-item\"><figure><img loading=\"lazy\" width=\"1024\" height=\"841\" src=\"https:\/\/gew-unterfranken.de\/wp-content\/uploads\/2019\/11\/bildand26_0022-1024x841.jpg\" alt=\"\" data-id=\"656\" data-link=\"https:\/\/gew-unterfranken.de\/?attachment_id=656\" class=\"wp-image-656\" srcset=\"https:\/\/gew-unterfranken.de\/wp-content\/uploads\/2019\/11\/bildand26_0022.jpg 1024w, https:\/\/gew-unterfranken.de\/wp-content\/uploads\/2019\/11\/bildand26_0022-300x246.jpg 300w, https:\/\/gew-unterfranken.de\/wp-content\/uploads\/2019\/11\/bildand26_0022-768x631.jpg 768w\" sizes=\"(max-width: 1024px) 100vw, 1024px\" \/><\/figure><\/li><li class=\"blocks-gallery-item\"><figure><img loading=\"lazy\" width=\"1024\" height=\"768\" src=\"https:\/\/gew-unterfranken.de\/wp-content\/uploads\/2019\/11\/bildand26_0023-1024x768.jpg\" alt=\"\" data-id=\"657\" data-link=\"https:\/\/gew-unterfranken.de\/?attachment_id=657\" class=\"wp-image-657\" srcset=\"https:\/\/gew-unterfranken.de\/wp-content\/uploads\/2019\/11\/bildand26_0023.jpg 1024w, https:\/\/gew-unterfranken.de\/wp-content\/uploads\/2019\/11\/bildand26_0023-300x225.jpg 300w, https:\/\/gew-unterfranken.de\/wp-content\/uploads\/2019\/11\/bildand26_0023-768x576.jpg 768w\" sizes=\"(max-width: 1024px) 100vw, 1024px\" \/><\/figure><\/li><li class=\"blocks-gallery-item\"><figure><img loading=\"lazy\" width=\"1024\" height=\"768\" src=\"https:\/\/gew-unterfranken.de\/wp-content\/uploads\/2019\/11\/bildand26_0024-1024x768.jpg\" alt=\"\" data-id=\"658\" data-link=\"https:\/\/gew-unterfranken.de\/?attachment_id=658\" class=\"wp-image-658\" srcset=\"https:\/\/gew-unterfranken.de\/wp-content\/uploads\/2019\/11\/bildand26_0024.jpg 1024w, https:\/\/gew-unterfranken.de\/wp-content\/uploads\/2019\/11\/bildand26_0024-300x225.jpg 300w, https:\/\/gew-unterfranken.de\/wp-content\/uploads\/2019\/11\/bildand26_0024-768x576.jpg 768w\" sizes=\"(max-width: 1024px) 100vw, 1024px\" \/><\/figure><\/li><li class=\"blocks-gallery-item\"><figure><img loading=\"lazy\" width=\"1024\" height=\"667\" src=\"https:\/\/gew-unterfranken.de\/wp-content\/uploads\/2019\/11\/bildand26_0029-1024x667.jpg\" alt=\"\" data-id=\"659\" data-link=\"https:\/\/gew-unterfranken.de\/?attachment_id=659\" class=\"wp-image-659\" srcset=\"https:\/\/gew-unterfranken.de\/wp-content\/uploads\/2019\/11\/bildand26_0029.jpg 1024w, https:\/\/gew-unterfranken.de\/wp-content\/uploads\/2019\/11\/bildand26_0029-300x195.jpg 300w, https:\/\/gew-unterfranken.de\/wp-content\/uploads\/2019\/11\/bildand26_0029-768x500.jpg 768w\" sizes=\"(max-width: 1024px) 100vw, 1024px\" \/><\/figure><\/li><li class=\"blocks-gallery-item\"><figure><img loading=\"lazy\" width=\"1024\" height=\"768\" src=\"https:\/\/gew-unterfranken.de\/wp-content\/uploads\/2019\/11\/bildand26_0050-1024x768.jpg\" alt=\"\" data-id=\"661\" data-link=\"https:\/\/gew-unterfranken.de\/?attachment_id=661\" class=\"wp-image-661\" srcset=\"https:\/\/gew-unterfranken.de\/wp-content\/uploads\/2019\/11\/bildand26_0050.jpg 1024w, https:\/\/gew-unterfranken.de\/wp-content\/uploads\/2019\/11\/bildand26_0050-300x225.jpg 300w, https:\/\/gew-unterfranken.de\/wp-content\/uploads\/2019\/11\/bildand26_0050-768x576.jpg 768w\" sizes=\"(max-width: 1024px) 100vw, 1024px\" \/><\/figure><\/li><li class=\"blocks-gallery-item\"><figure><img loading=\"lazy\" width=\"1024\" height=\"324\" src=\"https:\/\/gew-unterfranken.de\/wp-content\/uploads\/2019\/11\/bildand26_0043-1-1024x324.jpg\" alt=\"\" data-id=\"662\" data-link=\"https:\/\/gew-unterfranken.de\/?attachment_id=662\" class=\"wp-image-662\" srcset=\"https:\/\/gew-unterfranken.de\/wp-content\/uploads\/2019\/11\/bildand26_0043-1.jpg 1024w, https:\/\/gew-unterfranken.de\/wp-content\/uploads\/2019\/11\/bildand26_0043-1-300x95.jpg 300w, https:\/\/gew-unterfranken.de\/wp-content\/uploads\/2019\/11\/bildand26_0043-1-768x243.jpg 768w\" sizes=\"(max-width: 1024px) 100vw, 1024px\" \/><\/figure><\/li><\/ul>\n\n\n\n<p>Bild jeweils mit Maus-Rechtsklick und Klick auf &#8222;Grafik anzeigen&#8220; vergr\u00f6\u00dfern!<\/p>\n\n\n\n<figure class=\"wp-block-image\"><img loading=\"lazy\" width=\"1024\" height=\"630\" src=\"https:\/\/gew-unterfranken.de\/wp-content\/uploads\/2019\/12\/Rotes-Bayern-NN-1024x630.jpeg\" alt=\"\" class=\"wp-image-707\" srcset=\"https:\/\/gew-unterfranken.de\/wp-content\/uploads\/2019\/12\/Rotes-Bayern-NN-1024x630.jpeg 1024w, https:\/\/gew-unterfranken.de\/wp-content\/uploads\/2019\/12\/Rotes-Bayern-NN-300x185.jpeg 300w, https:\/\/gew-unterfranken.de\/wp-content\/uploads\/2019\/12\/Rotes-Bayern-NN-768x473.jpeg 768w, https:\/\/gew-unterfranken.de\/wp-content\/uploads\/2019\/12\/Rotes-Bayern-NN.jpeg 1280w\" sizes=\"(max-width: 1024px) 100vw, 1024px\" \/><figcaption>N\u00fcrnberger Nachrichten, 25.11.2019<\/figcaption><\/figure>\n","protected":false},"excerpt":{"rendered":"<p>26. Folge der GEW-Fortbildungsreihe Reihe &#8222;bildung anders&#8220; &#8211; ein Riesenerfolg! Mit der Vorf\u00fchrung einer Dokumentation anhand von ZeitzeugInnen-Inerviews zu Revolution, R\u00e4terepubliken und Freikorps-Terror von 1918\/1919 begann das diesj\u00e4hrige Seminar der fr\u00e4nkischen GEW-Verb\u00e4nde. Die TeilnehmerInnen zeigten sich in der Aussprache tief beeindruckt und bewegt von den Filmaufnahmen, die Ende der 1980iger Jahre entstanden. Anschlie\u00dfend wurden jeweils<\/p><\/div>\n<div class=\"blog-btn\"><a href=\"https:\/\/gew-unterfranken.de\/?p=650\" class=\"home-blog-btn\">Weiterlesen<\/a><\/p>\n","protected":false},"author":2,"featured_media":652,"comment_status":"closed","ping_status":"closed","sticky":false,"template":"","format":"standard","meta":[],"categories":[24],"tags":[31],"_links":{"self":[{"href":"https:\/\/gew-unterfranken.de\/index.php?rest_route=\/wp\/v2\/posts\/650"}],"collection":[{"href":"https:\/\/gew-unterfranken.de\/index.php?rest_route=\/wp\/v2\/posts"}],"about":[{"href":"https:\/\/gew-unterfranken.de\/index.php?rest_route=\/wp\/v2\/types\/post"}],"author":[{"embeddable":true,"href":"https:\/\/gew-unterfranken.de\/index.php?rest_route=\/wp\/v2\/users\/2"}],"replies":[{"embeddable":true,"href":"https:\/\/gew-unterfranken.de\/index.php?rest_route=%2Fwp%2Fv2%2Fcomments&post=650"}],"version-history":[{"count":11,"href":"https:\/\/gew-unterfranken.de\/index.php?rest_route=\/wp\/v2\/posts\/650\/revisions"}],"predecessor-version":[{"id":708,"href":"https:\/\/gew-unterfranken.de\/index.php?rest_route=\/wp\/v2\/posts\/650\/revisions\/708"}],"wp:featuredmedia":[{"embeddable":true,"href":"https:\/\/gew-unterfranken.de\/index.php?rest_route=\/wp\/v2\/media\/652"}],"wp:attachment":[{"href":"https:\/\/gew-unterfranken.de\/index.php?rest_route=%2Fwp%2Fv2%2Fmedia&parent=650"}],"wp:term":[{"taxonomy":"category","embeddable":true,"href":"https:\/\/gew-unterfranken.de\/index.php?rest_route=%2Fwp%2Fv2%2Fcategories&post=650"},{"taxonomy":"post_tag","embeddable":true,"href":"https:\/\/gew-unterfranken.de\/index.php?rest_route=%2Fwp%2Fv2%2Ftags&post=650"}],"curies":[{"name":"wp","href":"https:\/\/api.w.org\/{rel}","templated":true}]}}