{"id":643,"date":"2019-10-24T15:42:09","date_gmt":"2019-10-24T15:42:09","guid":{"rendered":"http:\/\/gew-unterfranken.de\/?p=643"},"modified":"2019-10-24T15:51:09","modified_gmt":"2019-10-24T15:51:09","slug":"wer-gut-bezahlt-hat-keinen-mangel","status":"publish","type":"post","link":"https:\/\/gew-unterfranken.de\/?p=643","title":{"rendered":"Wer gut bezahlt, hat keinen Mangel"},"content":{"rendered":"\n<p>Bildungsgewerkschaft weist auf Belastungen durch Lehrkr\u00e4ftemangel hin.<\/p>\n\n\n\n<p>Die  Entscheidung der Schulamtes Mainspessart, pensionierte Lehrkr\u00e4fte zu  reaktivieren, ist eine Bankrotterkl\u00e4rung der Einstellungspolitik und der  Arbeitsbedingungen an Grund- und Mittelschulen. Dies erkl\u00e4rt J\u00f6rg  Nellen, Gesch\u00e4ftsf\u00fchrer der GEW Unterfranken.<br>Es ist eine Katastrophe mit Ansage, die allle Beteiligten belastet:<br>&#8211; von Schuljahresbeginn an waren alle Mobilen Reserven, die f\u00fcr abwesende Lehrkr\u00e4fte einspringen k\u00f6nnen, fest verplant<br>&#8211; aus p\u00e4dagogischen Gr\u00fcnden getrennte Kurse wurden zusammengelegt<br>&#8211;  Lehrkr\u00e4fte, besonders die aus guten Gr\u00fcnden (Kinder, Pflegebed\u00fcrftige  in der Familie) Teilzeitkr\u00e4fte werden mit Vertretungen um ihren  Teilzeit-Anspruch gebracht<br>&#8211; die Fortbildungspflicht ist unerf\u00fcllbar, Manche trauen sich nicht, sich krank zu melden, Zeit f\u00fcr Beratung ist rar.<br>&#8211;  Kolleg*innen, die nach einem engagierten Berufsleben Altersteilzeit  beantragen wollen, wird abschl\u00e4gig beschieden, zugesagte Pensionierungen  werden verschoben.<br>Immer  noch wird den Kolleg*innen in Grund- und Mittelschulen versagt, so wie alle anderen Lehrkr\u00e4fte mit der Besoldungsgruppe A13 in den Beruf  einzusteigen. \u201eAttraktivit\u00e4t sieht anders aus,\u201c so der Gymnasial- und  Hauptschullehrer Nellen. <br>Anl\u00e4sslich  des A13-Equal-Pay-Days am 14. November ruft die Bildungsgewerkschaft zu  kreativen Protesten auf Facebook und Instagram auf. Bilder m\u00f6gen mit  dem Hashtag #Ichbindannmalweg oder #ja13 gepostet werden. Gemessen  an der Besoldung in A 13 bei den Gymnasiallehrer*innen,  Realschullehrer*innen, Berufsschullehrer*innen und Sonderp\u00e4dagog*innen  arbeiten Grund- und Mittelschullehrkr\u00e4fte von diesem Tag an bis zum Ende  des Kalenderjahres unentgeltlich.<br>&#8222;Wer gut bezahlt, hat keinen Mangel,&#8220; so Nellen<\/p>\n\n\n\n<p>Bild: Der Weg f\u00fcr schlechter bezahlte Lehrkr\u00e4fte an Grund und Mittelschulen steht unter einem Fragezeichen. Foto: J\u00f6rg Nellen <\/p>\n","protected":false},"excerpt":{"rendered":"<p>Bildungsgewerkschaft weist auf Belastungen durch Lehrkr\u00e4ftemangel hin. Die Entscheidung der Schulamtes Mainspessart, pensionierte Lehrkr\u00e4fte zu reaktivieren, ist eine Bankrotterkl\u00e4rung der Einstellungspolitik und der Arbeitsbedingungen an Grund- und Mittelschulen. Dies erkl\u00e4rt J\u00f6rg Nellen, Gesch\u00e4ftsf\u00fchrer der GEW Unterfranken.Es ist eine Katastrophe mit Ansage, die allle Beteiligten belastet:&#8211; von Schuljahresbeginn an waren alle Mobilen Reserven, die f\u00fcr abwesende<\/p><\/div>\n<div class=\"blog-btn\"><a href=\"https:\/\/gew-unterfranken.de\/?p=643\" class=\"home-blog-btn\">Weiterlesen<\/a><\/p>\n","protected":false},"author":2,"featured_media":644,"comment_status":"closed","ping_status":"closed","sticky":false,"template":"","format":"standard","meta":[],"categories":[24,25,15],"tags":[39],"_links":{"self":[{"href":"https:\/\/gew-unterfranken.de\/index.php?rest_route=\/wp\/v2\/posts\/643"}],"collection":[{"href":"https:\/\/gew-unterfranken.de\/index.php?rest_route=\/wp\/v2\/posts"}],"about":[{"href":"https:\/\/gew-unterfranken.de\/index.php?rest_route=\/wp\/v2\/types\/post"}],"author":[{"embeddable":true,"href":"https:\/\/gew-unterfranken.de\/index.php?rest_route=\/wp\/v2\/users\/2"}],"replies":[{"embeddable":true,"href":"https:\/\/gew-unterfranken.de\/index.php?rest_route=%2Fwp%2Fv2%2Fcomments&post=643"}],"version-history":[{"count":4,"href":"https:\/\/gew-unterfranken.de\/index.php?rest_route=\/wp\/v2\/posts\/643\/revisions"}],"predecessor-version":[{"id":648,"href":"https:\/\/gew-unterfranken.de\/index.php?rest_route=\/wp\/v2\/posts\/643\/revisions\/648"}],"wp:featuredmedia":[{"embeddable":true,"href":"https:\/\/gew-unterfranken.de\/index.php?rest_route=\/wp\/v2\/media\/644"}],"wp:attachment":[{"href":"https:\/\/gew-unterfranken.de\/index.php?rest_route=%2Fwp%2Fv2%2Fmedia&parent=643"}],"wp:term":[{"taxonomy":"category","embeddable":true,"href":"https:\/\/gew-unterfranken.de\/index.php?rest_route=%2Fwp%2Fv2%2Fcategories&post=643"},{"taxonomy":"post_tag","embeddable":true,"href":"https:\/\/gew-unterfranken.de\/index.php?rest_route=%2Fwp%2Fv2%2Ftags&post=643"}],"curies":[{"name":"wp","href":"https:\/\/api.w.org\/{rel}","templated":true}]}}