{"id":615,"date":"2019-08-27T07:22:10","date_gmt":"2019-08-27T07:22:10","guid":{"rendered":"http:\/\/gew-unterfranken.de\/?p=615"},"modified":"2019-08-27T07:23:59","modified_gmt":"2019-08-27T07:23:59","slug":"erheblicher-stress-und-schlechte-arbeitsbedingungen","status":"publish","type":"post","link":"https:\/\/gew-unterfranken.de\/?p=615","title":{"rendered":"&#8222;Erheblicher Stress und schlechte Arbeitsbedingungen&#8220;"},"content":{"rendered":"\n<p><strong>Bildungsgewerkschaft GEW schl\u00e4gt vor Beginn des Kindergartenjahres Alarm<\/strong><\/p>\n\n\n\n<p>Die Gewerkschaft Erziehung und Wissenschaft (GEW) in Unterfranken blickt mit gro\u00dfer Sorge auf das im September beginnende Kindergartenjahr: &#8222;Der Personalmangel f\u00fchrt bei allen Beteiligten zu erheblichem Stress und schlechten Arbeitsbedingungen,&#8220; wei\u00df die Leiterin einer Kindertagesst\u00e4tte in Unterfranken mit 40 Jahren Arbeitserfahrung.<br> Laut Staatsregierung fehlen in KiTas, Krippen und Horten bis 2023 gut 30.000 Kinderpfleger<em>innen, Erzieher<\/em>innen und weiteres p\u00e4dagogisches Personal.1 &#8222;Die Auswirkungen erreichen nach den St\u00e4dten nun auch das Land,&#8220; sagt der stellvertretende GEW-Bezirksvorsitzende J\u00f6rg Nellen. Erkranktes Personal m\u00fcsse vertreten werden, was zu Belastungen durch \u00dcberstunden f\u00fchrt. &#8222;Freizeitausgleich ist oft nicht drin, da das den Mangel nur noch versch\u00e4rft&#8220;. Der Personalmarkt ist leergefegt. Abhilfe sollen inhaltlich teils deutlich reduzierte Weiterbildungsmodelle und Quereinsteiger schaffen. &#8222;Qualifikation findet man aber nicht auf der Stra\u00dfe&#8220;, so Nellen. Nicht umsonst sei die Ausbildung zur Kinderpfleger<em>in gefolgt von der Weiterbildung zur Erzieher<\/em>in f\u00fcnf Jahre lang und wird international mit einem Fachhochschulabschluss gleichgestellt.<br> &#8222;Unsere Kleinsten stehen im Zentrum eines komplexen Geflechts von finanziellen Zust\u00e4ndigkeiten, ineffektiven Notma\u00dfnahmen, Mangel und Stress,&#8220; sagt Nellen. &#8222;Sie d\u00fcrfen diesen Zust\u00e4nden nicht zum Opfer fallen&#8220;. <br> Der Bund hat auf Dr\u00e4ngen von Wirtschaftsverb\u00e4nden durch den Rechtsanspruch auf Betreuung ab dem ersten  Lebensjahr einen Nachfrageboom ausgel\u00f6st, ohne dass gen\u00fcgend Personal daf\u00fcr zur Verf\u00fcgung steht. Mit einem Teil der insgesamt zu geringen Mitteln des Gute-Kita-Gesetz wurden in Bayern nun aber Elternbeitr\u00e4ge gesenkt, statt in Qualit\u00e4t zu investieren. Das erh\u00f6ht den Druck auf das Personal noch, denn vermehrt buchen Eltern nun l\u00e4ngere Zeiten. <br> Die GEW fordert f\u00fcr Unterfranken2:<\/p>\n\n\n\n<p>Erzieher*innen-Gehalt auf dem Niveau von Grundschullehrkr\u00e4ften3: etwa 2.500\u20ac f\u00fcr 39 Wochenstunden sind nicht attraktiv, gerade auch verglichen mit typischen \u201eM\u00e4nnerberufen\u201c. Bayern ist mit 2,9% Schlusslicht beim M\u00e4nneranteil und der \u201egender pay gap\u201c resultiert ja auch aus der geringen Wertsch\u00e4tzung sozialer Berufe.<\/p>\n\n\n\n<p>Erh\u00f6hung der Haushaltsmittel f\u00fcr Kindertagesbetreuung, um die Bildung zu verbessern und endlich Inklusion zu erm\u00f6glichen. Das hilft auch die Arbeit attraktiver zu machen.<\/p>\n\n\n\n<p>Entlastung der Kolleg*innen durch einen fairen Personalschl\u00fcssel: auf je eine Fachkraft zwei Kinder unter einem Jahr, drei Kinder zwischen 1 und 3, acht Kinder zwischen 3 und 5 zehn Kinder ab 6 Jahren. <\/p>\n\n\n\n<p>Gerechte Aufgabenverteilung: F\u00fcr Vor- und Nachbereitung, f\u00fcr Berichte und Gespr\u00e4che ist ein Viertel der bezahlten Arbeitszeit anzusetzen, dreiviertel der Arbeitszeit f\u00fcr die Hauptaufgabe Betreuung und Erziehung.<\/p>\n\n\n\n<p>Leitungen m\u00fcssen auch f\u00fcr ihre Aufgaben freigestellt werden. Bisher werden sie als eine volle Erzieher<em>in im Personalschl\u00fcssel gef\u00fchrt. Zudem reichen die \u00fcberforderten Tr\u00e4ger viele Verwaltungsaufgaben an die KiTa-Leiter<\/em>innen weiter. &#8222;Leitung ist keine Aufgabe, die man in der Freizeit machen kann,&#8220; so Nellen.<br><\/p>\n\n\n\n<p>Die GEW hat seit \u00fcber zehn Jahren vor dem Personalmangel und der schlechten Bezahlung im KiTa-Bereich gewarnt. Bund, Land, Kommunen und Tr\u00e4ger sind schon genauso lange gefordert. &#8222;Unsere Kleinsten verdienen endlich die gr\u00f6\u00dften Anstrengungen!&#8220;, so Nellen.<\/p>\n","protected":false},"excerpt":{"rendered":"<p>Bildungsgewerkschaft GEW schl\u00e4gt vor Beginn des Kindergartenjahres Alarm Die Gewerkschaft Erziehung und Wissenschaft (GEW) in Unterfranken blickt mit gro\u00dfer Sorge auf das im September beginnende Kindergartenjahr: &#8222;Der Personalmangel f\u00fchrt bei allen Beteiligten zu erheblichem Stress und schlechten Arbeitsbedingungen,&#8220; wei\u00df die Leiterin einer Kindertagesst\u00e4tte in Unterfranken mit 40 Jahren Arbeitserfahrung. Laut Staatsregierung fehlen in KiTas, Krippen<\/p><\/div>\n<div class=\"blog-btn\"><a href=\"https:\/\/gew-unterfranken.de\/?p=615\" class=\"home-blog-btn\">Weiterlesen<\/a><\/p>\n","protected":false},"author":2,"featured_media":616,"comment_status":"closed","ping_status":"closed","sticky":false,"template":"","format":"standard","meta":[],"categories":[24,25,1],"tags":[8,26],"_links":{"self":[{"href":"https:\/\/gew-unterfranken.de\/index.php?rest_route=\/wp\/v2\/posts\/615"}],"collection":[{"href":"https:\/\/gew-unterfranken.de\/index.php?rest_route=\/wp\/v2\/posts"}],"about":[{"href":"https:\/\/gew-unterfranken.de\/index.php?rest_route=\/wp\/v2\/types\/post"}],"author":[{"embeddable":true,"href":"https:\/\/gew-unterfranken.de\/index.php?rest_route=\/wp\/v2\/users\/2"}],"replies":[{"embeddable":true,"href":"https:\/\/gew-unterfranken.de\/index.php?rest_route=%2Fwp%2Fv2%2Fcomments&post=615"}],"version-history":[{"count":1,"href":"https:\/\/gew-unterfranken.de\/index.php?rest_route=\/wp\/v2\/posts\/615\/revisions"}],"predecessor-version":[{"id":617,"href":"https:\/\/gew-unterfranken.de\/index.php?rest_route=\/wp\/v2\/posts\/615\/revisions\/617"}],"wp:featuredmedia":[{"embeddable":true,"href":"https:\/\/gew-unterfranken.de\/index.php?rest_route=\/wp\/v2\/media\/616"}],"wp:attachment":[{"href":"https:\/\/gew-unterfranken.de\/index.php?rest_route=%2Fwp%2Fv2%2Fmedia&parent=615"}],"wp:term":[{"taxonomy":"category","embeddable":true,"href":"https:\/\/gew-unterfranken.de\/index.php?rest_route=%2Fwp%2Fv2%2Fcategories&post=615"},{"taxonomy":"post_tag","embeddable":true,"href":"https:\/\/gew-unterfranken.de\/index.php?rest_route=%2Fwp%2Fv2%2Ftags&post=615"}],"curies":[{"name":"wp","href":"https:\/\/api.w.org\/{rel}","templated":true}]}}