{"id":586,"date":"2019-03-14T13:00:58","date_gmt":"2019-03-14T13:00:58","guid":{"rendered":"http:\/\/gew-unterfranken.de\/?p=586"},"modified":"2019-03-14T19:11:16","modified_gmt":"2019-03-14T19:11:16","slug":"15-maerz-lasst-euch-nicht-einschuechtern","status":"publish","type":"post","link":"https:\/\/gew-unterfranken.de\/?p=586","title":{"rendered":"15. M\u00e4rz: Lasst euch nicht einsch\u00fcchtern!"},"content":{"rendered":"\n<p>Die GEW Unterfranken unterst\u00fctzt die f\u00fcr morgen angek\u00fcndigte FFF-Proteste in AB, W\u00dc, SW und weiteren Gemeinden mit unten anh\u00e4ngendem Gru\u00dfwort. Die Bildungsgewerkschaft verurteilt jede Sanktionierung durch Schulleitungen als unverh\u00e4ltnism\u00e4\u00dfig, vielmehr ruft sie Lehrkr\u00e4fte und Schulleitungen auf, den Meinungsbildungsprozess in den Schulen zu erm\u00f6glichen und zu begleiten. Dazu k\u00f6nnen Projekte, Ausstellungen, Faktenchecks durch Sch\u00fclerinnen und Sch\u00fcler und eben die Teilnahme an den  FFF-Demonstrationen dienen.<\/p>\n\n\n\n<p><strong>Gru\u00dfwort der GEW Unterfranken an die Teilnehmer*innen der Fridays For Future Demos<\/strong><\/p>\n\n\n\n<!--more-->\n\n\n\n<p>In  der Gewerkschaft Erziehung und Wissenschaft haben sich bundesweit rund  280.000 P\u00e4dagoginnen und P\u00e4dagoginnen, Studierende und  Wissenschaftler*innen organisiert, von der Kita \u00fcber die Schulen und  Hochschulen bis zur Erwachsenenbildung. Wir setzen uns als  Gewerkschaft f\u00fcr bessere und gerechte Arbeitsbedingungen ein. Ebenso  streiten wir f\u00fcr Demokratisierung und Menschenrechte, und das weltweit \u2013  die GEW ist Mitglied der \u201eBildungsinternationale\u201c. Und da sind wir auch  schon mitten im Thema Klima-Gerechtigkeit. <br>Wir  finden es in der GEW Unterfranken beeindruckend, wie entschlossen, wie  kritisch, und wie gut informiert ihr Euch als Sch\u00fclerinnen und Sch\u00fcler  und als Studierende gegen Erderw\u00e4rmung und f\u00fcr Klimagerechtigkeit  einsetzt. Das ist auch dringend notwendig. Wir brauchen gerade in  der&nbsp;jetzigen Situation jedes demokratische politische Engagement von  Sch\u00fclerinnen und Sch\u00fclern. V\u00f6llig zu Recht zitiert \u201eFridays for Future\u201c  den Sonderbericht des Weltklimarates. Der Bericht zeigt: Es bleiben nur  noch elf Jahre, um die verheerendsten Folgen der  Erderw\u00e4rmung&nbsp;abzuwenden.&nbsp;<br>Daher ruft die GEW Unterfranken auch die Erwachsenen auf, die Proteste und Forderungen von Fridays for Future zu unterst\u00fctzen.&nbsp;<br>Laut  Bayerischer Verfassung ist \u201eVerantwortungsbewusstsein f\u00fcr Natur und  Umwelt\u201c eines der \u201eobersten Bildungsziele\u201c. Alle Schulen in Bayern sind  zur Umweltbildung verpflichtet. Das Kultusministerium betonte erst  k\u00fcrzlich, dass Klimaschutz ein wichtiger Teil der \u201eBildung  f\u00fcr&nbsp;nachhaltige Entwicklung\u201c (BNE) ist und deshalb als f\u00e4cher- und  schulart-\u00fcbergreifendes Ziel fest in den neuen Lehrpl\u00e4nen verankert  wurde. Zurzeit werden Schulen aber weder personell noch materiell  ausreichend unterst\u00fctzt, um das Bildungsziel BNE ganzheitlich  umzusetzen. BNE darf&nbsp;sich nicht in Einzelaktionen oder einzelnen  Projekten ersch\u00f6pfen. Schule sollte sich mit dem Thema nicht nur im  Unterricht auseinandersetzen \u2013 das setzt voraus, dass die Politik auch  die entsprechenden Stellen f\u00fcr Lehrer*innen und die materiellen  Ressourcen bereitstellt.<br>Das  Engagement f\u00fcr wirklichen Klimaschutz darf nicht mit Sanktionen aus dem  Katalog der Schulstrafen belegt werden. Es lassen sich Wege finden, wie  man Unterricht und Protest vereinbaren kann. Die GEW begr\u00fc\u00dft es, wenn  Schulleitungen und Lehrkr\u00e4fte verantwortungsvoll mit  den&nbsp;Protest-Vorhaben der Sch\u00fcler*innen umgehen. Die Schulen  sollten&nbsp;allerdings auch nicht in eine Zwickm\u00fchle zwischen ihrem  Bildungsauftrag und der Einhaltung der Schulpflicht kommen. Das k\u00f6nnte  passieren, wenn Freitag f\u00fcr Freitag immer die gleichen Sch\u00fclerinnen und  Sch\u00fcler dem&nbsp;Unterricht fern bleiben. Derzeit sieht es danach aus, dass  die Sch\u00fcler und Sch\u00fclerinnen eine Art rollierendes System entwickelt  haben. Lasst uns da im Austausch bleiben.<br>Und lasst Euch in Eurem Engagement best\u00e4rken. Bleibt dran, bleibt dabei. Es ist notwendig. F\u00fcr alle auf diesem Planeten.<br><\/p>\n","protected":false},"excerpt":{"rendered":"<p>Die GEW Unterfranken unterst\u00fctzt die f\u00fcr morgen angek\u00fcndigte FFF-Proteste in AB, W\u00dc, SW und weiteren Gemeinden mit unten anh\u00e4ngendem Gru\u00dfwort. Die Bildungsgewerkschaft verurteilt jede Sanktionierung durch Schulleitungen als unverh\u00e4ltnism\u00e4\u00dfig, vielmehr ruft sie Lehrkr\u00e4fte und Schulleitungen auf, den Meinungsbildungsprozess in den Schulen zu erm\u00f6glichen und zu begleiten. Dazu k\u00f6nnen Projekte, Ausstellungen, Faktenchecks durch Sch\u00fclerinnen und Sch\u00fcler<\/p><\/div>\n<div class=\"blog-btn\"><a href=\"https:\/\/gew-unterfranken.de\/?p=586\" class=\"home-blog-btn\">Weiterlesen<\/a><\/p>\n","protected":false},"author":2,"featured_media":495,"comment_status":"closed","ping_status":"closed","sticky":false,"template":"","format":"standard","meta":[],"categories":[24,25,15],"tags":[38],"_links":{"self":[{"href":"https:\/\/gew-unterfranken.de\/index.php?rest_route=\/wp\/v2\/posts\/586"}],"collection":[{"href":"https:\/\/gew-unterfranken.de\/index.php?rest_route=\/wp\/v2\/posts"}],"about":[{"href":"https:\/\/gew-unterfranken.de\/index.php?rest_route=\/wp\/v2\/types\/post"}],"author":[{"embeddable":true,"href":"https:\/\/gew-unterfranken.de\/index.php?rest_route=\/wp\/v2\/users\/2"}],"replies":[{"embeddable":true,"href":"https:\/\/gew-unterfranken.de\/index.php?rest_route=%2Fwp%2Fv2%2Fcomments&post=586"}],"version-history":[{"count":8,"href":"https:\/\/gew-unterfranken.de\/index.php?rest_route=\/wp\/v2\/posts\/586\/revisions"}],"predecessor-version":[{"id":594,"href":"https:\/\/gew-unterfranken.de\/index.php?rest_route=\/wp\/v2\/posts\/586\/revisions\/594"}],"wp:featuredmedia":[{"embeddable":true,"href":"https:\/\/gew-unterfranken.de\/index.php?rest_route=\/wp\/v2\/media\/495"}],"wp:attachment":[{"href":"https:\/\/gew-unterfranken.de\/index.php?rest_route=%2Fwp%2Fv2%2Fmedia&parent=586"}],"wp:term":[{"taxonomy":"category","embeddable":true,"href":"https:\/\/gew-unterfranken.de\/index.php?rest_route=%2Fwp%2Fv2%2Fcategories&post=586"},{"taxonomy":"post_tag","embeddable":true,"href":"https:\/\/gew-unterfranken.de\/index.php?rest_route=%2Fwp%2Fv2%2Ftags&post=586"}],"curies":[{"name":"wp","href":"https:\/\/api.w.org\/{rel}","templated":true}]}}