{"id":580,"date":"2019-03-07T22:07:35","date_gmt":"2019-03-07T22:07:35","guid":{"rendered":"http:\/\/gew-unterfranken.de\/?p=580"},"modified":"2019-03-08T22:11:42","modified_gmt":"2019-03-08T22:11:42","slug":"gew-main-spessart-freitags-engagement-nicht-hoch-genug-einzuschaetzen","status":"publish","type":"post","link":"https:\/\/gew-unterfranken.de\/?p=580","title":{"rendered":"GEW Main-Spessart: Engagement nicht hoch genug einzusch\u00e4tzen!"},"content":{"rendered":"\n<p><strong>Der GEW-Kreisverband nahm in einer Mitgliederversammlung Stellung zu den seit einigen Wochen von Sch\u00fclern und Sch\u00fclerinnen veranstalteten Demonstrationen Fridays-for-Future.  <\/strong><\/p>\n\n\n\n<p>Die\nanwesenden Mitglieder begr\u00fc\u00dften ausdr\u00fccklich das Engagement der\nSch\u00fclerinnen und Sch\u00fcler. \u201eDass sich junge Menschen in die\npolitischen Vorg\u00e4nge einmischen und so deutlich f\u00fcr eine\nentscheidende Wende in der Klimaschutzpolitik fordern, kann man nicht\nhoch genug einsch\u00e4tzen\u201c, so GEW-Kreisvorsitzender Wolfgang\nTr\u00f6ster, es zeige, dass die junge Generation angesichts der nur\nv\u00f6llig unzureichenden Ma\u00dfnahmen besorgt und ungeduldig sei, weil\ndamit ihre Zukunft aufs Spiel gesetzt wird. \n<\/p>\n\n\n\n<!--more-->\n\n\n\n<p>F\u00fcr\ndie im Bildungsbereich Verantwortlichen sollte das ein Alarmzeichen\nsein, &nbsp; die Anliegen der jungen Menschen ernst zu nehmen und\nentsprechend umzusetzen. Dazu m\u00fcssten Themen wie sorgsamer Umgang\nmit Ressourcen, Reflektieren des eigenen Umweltverhaltens, der\nEine-Welt-Gedanke viel st\u00e4rker und umfassender im Unterrichtsalltag\nverankert sein und nicht nur am Jahresschluss als Projekte kurz\nangeschnitten werden. Gerade &nbsp;die &nbsp;Bildung f\u00fcr nachhaltige\nEntwicklung(BNE) &nbsp;sollte genauso Ber\u00fccksichtigung finden wie\ndie im Augenblick allerorten durchgef\u00fchrte Ausstattung mit\ndigitalisierten Medien, so Alfred Hock, und daf\u00fcr m\u00fcssten\nausreichend Materialien und zus\u00e4tzliches Personal &nbsp;zur\nVerf\u00fcgung gestellt werden.<\/p>\n\n\n\n<p>Fr\u00fche\nAusleseverfahren, permanente Stoffpaukerei &nbsp;werden nach Ansicht\nder Anwesenden&nbsp; nicht dazu f\u00fchren, dass die Sch\u00fcler zu\nverantwortungsbewussten und gesellschaftlich handelnden Menschen\nwerden k\u00f6nnen.<\/p>\n\n\n\n<p>Viel\nmehr beachtet werden m\u00fcssen Werte wie Empathie und Solidarit\u00e4t\ngerade auch mit den Menschen aus anderen Kontinenten, deren Existenz\ndurch den Klimawandel bedroht ist,&nbsp; sowie die &nbsp;F\u00e4higkeit,\nsich in den gesellschaftspolitischen Prozess einzumischen und\nVer\u00e4nderungen zu bewirken. \n<\/p>\n\n\n\n<p>Die GEW hat Verst\u00e4ndnis daf\u00fcr, dass die Sch\u00fclerinnen und Sch\u00fcler die Demonstrationen am Vormittag durchf\u00fchrten, nur so konnte die entsprechende Aufmerksamkeit erreicht werden. Der Konflikt zwischen Schulpflicht und b\u00fcrgerschaftlich wichtigem Engagement kann in n\u00e4chster Zeit sicher gel\u00f6st werden, wenn von der Politik, der Kultusb\u00fcrokratie&nbsp; und von der Gesellschaft deutlich Zeichen gesetzt werden, dass man eine Aufarbeitung der von den Sch\u00fclerInnen angesprochenen Probleme in Angriff nimmt.  <\/p>\n","protected":false},"excerpt":{"rendered":"<p>Der GEW-Kreisverband nahm in einer Mitgliederversammlung Stellung zu den seit einigen Wochen von Sch\u00fclern und Sch\u00fclerinnen veranstalteten Demonstrationen Fridays-for-Future. Die anwesenden Mitglieder begr\u00fc\u00dften ausdr\u00fccklich das Engagement der Sch\u00fclerinnen und Sch\u00fcler. \u201eDass sich junge Menschen in die politischen Vorg\u00e4nge einmischen und so deutlich f\u00fcr eine entscheidende Wende in der Klimaschutzpolitik fordern, kann man nicht hoch genug<\/p><\/div>\n<div class=\"blog-btn\"><a href=\"https:\/\/gew-unterfranken.de\/?p=580\" class=\"home-blog-btn\">Weiterlesen<\/a><\/p>\n","protected":false},"author":2,"featured_media":581,"comment_status":"closed","ping_status":"closed","sticky":false,"template":"","format":"standard","meta":[],"categories":[14,24,25],"tags":[38,4,26],"_links":{"self":[{"href":"https:\/\/gew-unterfranken.de\/index.php?rest_route=\/wp\/v2\/posts\/580"}],"collection":[{"href":"https:\/\/gew-unterfranken.de\/index.php?rest_route=\/wp\/v2\/posts"}],"about":[{"href":"https:\/\/gew-unterfranken.de\/index.php?rest_route=\/wp\/v2\/types\/post"}],"author":[{"embeddable":true,"href":"https:\/\/gew-unterfranken.de\/index.php?rest_route=\/wp\/v2\/users\/2"}],"replies":[{"embeddable":true,"href":"https:\/\/gew-unterfranken.de\/index.php?rest_route=%2Fwp%2Fv2%2Fcomments&post=580"}],"version-history":[{"count":4,"href":"https:\/\/gew-unterfranken.de\/index.php?rest_route=\/wp\/v2\/posts\/580\/revisions"}],"predecessor-version":[{"id":585,"href":"https:\/\/gew-unterfranken.de\/index.php?rest_route=\/wp\/v2\/posts\/580\/revisions\/585"}],"wp:featuredmedia":[{"embeddable":true,"href":"https:\/\/gew-unterfranken.de\/index.php?rest_route=\/wp\/v2\/media\/581"}],"wp:attachment":[{"href":"https:\/\/gew-unterfranken.de\/index.php?rest_route=%2Fwp%2Fv2%2Fmedia&parent=580"}],"wp:term":[{"taxonomy":"category","embeddable":true,"href":"https:\/\/gew-unterfranken.de\/index.php?rest_route=%2Fwp%2Fv2%2Fcategories&post=580"},{"taxonomy":"post_tag","embeddable":true,"href":"https:\/\/gew-unterfranken.de\/index.php?rest_route=%2Fwp%2Fv2%2Ftags&post=580"}],"curies":[{"name":"wp","href":"https:\/\/api.w.org\/{rel}","templated":true}]}}