{"id":569,"date":"2019-03-03T15:30:45","date_gmt":"2019-03-03T15:30:45","guid":{"rendered":"http:\/\/gew-unterfranken.de\/?p=569"},"modified":"2019-03-03T15:39:45","modified_gmt":"2019-03-03T15:39:45","slug":"frauentag-2019-brot-und-rosen","status":"publish","type":"post","link":"https:\/\/gew-unterfranken.de\/?p=569","title":{"rendered":"Frauentag 2019: Brot und Rosen!"},"content":{"rendered":"\n<p>Frauen brauchen bessere Chancen auf eine eigenst\u00e4ndige Existenzsicherung und ein selbstbestimmtes Leben. Dazu geh\u00f6ren unter anderem gleicher Lohn f\u00fcr gleichwertige Arbeit, faire Steuersysteme ohne Nachteile f\u00fcr Frauen und bessere Angebote f\u00fcr die Balance zwischen Beruf und Familie, unabh\u00e4ngig davon ob Menschen verheiratetet, in Partnerschaft oder alleinerziehend sind.<br>Dar\u00fcber wollen wir am Frauentag vor der City-Galerie in Aschaffenburg reden! <\/p>\n\n\n\n<p>Termin: 08.03.2019, 12:00    <br>Ort: City Galerie, 63741 Aschaffenburg<br>Veranstalter: DGB KV Aschaffenburg-Miltenberg   <\/p>\n\n\n\n<div class=\"wp-block-image\"><figure class=\"aligncenter\"><img loading=\"lazy\" width=\"396\" height=\"589\" src=\"https:\/\/gew-unterfranken.de\/wp-content\/uploads\/2019\/03\/396.jpg\" alt=\"\" class=\"wp-image-571\" srcset=\"https:\/\/gew-unterfranken.de\/wp-content\/uploads\/2019\/03\/396.jpg 396w, https:\/\/gew-unterfranken.de\/wp-content\/uploads\/2019\/03\/396-202x300.jpg 202w\" sizes=\"(max-width: 396px) 100vw, 396px\" \/><figcaption><a href=\"http:\/\/gew-unterfranken.de\/wp-content\/uploads\/2019\/03\/190223_EL-Aktion-Frauentag.pdf\" target=\"_blank\" rel=\"noreferrer noopener\" aria-label=\" (\u00f6ffnet in neuem Tab)\">http:\/\/gew-unterfranken.de\/wp-content\/uploads\/2019\/03\/190223_EL-Aktion-Frauentag.pdf<\/a><\/figcaption><\/figure><\/div>\n\n\n\n<figure class=\"wp-block-image\"><img loading=\"lazy\" width=\"724\" height=\"1024\" src=\"https:\/\/gew-unterfranken.de\/wp-content\/uploads\/2019\/03\/1025-724x1024.jpg\" alt=\"\" class=\"wp-image-572\" srcset=\"https:\/\/gew-unterfranken.de\/wp-content\/uploads\/2019\/03\/1025-724x1024.jpg 724w, https:\/\/gew-unterfranken.de\/wp-content\/uploads\/2019\/03\/1025-212x300.jpg 212w, https:\/\/gew-unterfranken.de\/wp-content\/uploads\/2019\/03\/1025-768x1086.jpg 768w, https:\/\/gew-unterfranken.de\/wp-content\/uploads\/2019\/03\/1025.jpg 1025w\" sizes=\"(max-width: 724px) 100vw, 724px\" \/><figcaption><a href=\"http:\/\/gew-unterfranken.de\/wp-content\/uploads\/2019\/03\/190308_Flyer-VHS-AB.pdf\" target=\"_blank\" rel=\"noreferrer noopener\" aria-label=\" (\u00f6ffnet in neuem Tab)\">http:\/\/gew-unterfranken.de\/wp-content\/uploads\/2019\/03\/190308_Flyer-VHS-AB.pdf<\/a><\/figcaption><\/figure>\n\n\n\n<p>                   <\/p>\n","protected":false},"excerpt":{"rendered":"<p>Frauen brauchen bessere Chancen auf eine eigenst\u00e4ndige Existenzsicherung und ein selbstbestimmtes Leben. Dazu geh\u00f6ren unter anderem gleicher Lohn f\u00fcr gleichwertige Arbeit, faire Steuersysteme ohne Nachteile f\u00fcr Frauen und bessere Angebote f\u00fcr die Balance zwischen Beruf und Familie, unabh\u00e4ngig davon ob Menschen verheiratetet, in Partnerschaft oder alleinerziehend sind.Dar\u00fcber wollen wir am Frauentag vor der City-Galerie in<\/p><\/div>\n<div class=\"blog-btn\"><a href=\"https:\/\/gew-unterfranken.de\/?p=569\" class=\"home-blog-btn\">Weiterlesen<\/a><\/p>\n","protected":false},"author":2,"featured_media":570,"comment_status":"closed","ping_status":"closed","sticky":false,"template":"","format":"standard","meta":[],"categories":[13,24],"tags":[3,30],"_links":{"self":[{"href":"https:\/\/gew-unterfranken.de\/index.php?rest_route=\/wp\/v2\/posts\/569"}],"collection":[{"href":"https:\/\/gew-unterfranken.de\/index.php?rest_route=\/wp\/v2\/posts"}],"about":[{"href":"https:\/\/gew-unterfranken.de\/index.php?rest_route=\/wp\/v2\/types\/post"}],"author":[{"embeddable":true,"href":"https:\/\/gew-unterfranken.de\/index.php?rest_route=\/wp\/v2\/users\/2"}],"replies":[{"embeddable":true,"href":"https:\/\/gew-unterfranken.de\/index.php?rest_route=%2Fwp%2Fv2%2Fcomments&post=569"}],"version-history":[{"count":4,"href":"https:\/\/gew-unterfranken.de\/index.php?rest_route=\/wp\/v2\/posts\/569\/revisions"}],"predecessor-version":[{"id":578,"href":"https:\/\/gew-unterfranken.de\/index.php?rest_route=\/wp\/v2\/posts\/569\/revisions\/578"}],"wp:featuredmedia":[{"embeddable":true,"href":"https:\/\/gew-unterfranken.de\/index.php?rest_route=\/wp\/v2\/media\/570"}],"wp:attachment":[{"href":"https:\/\/gew-unterfranken.de\/index.php?rest_route=%2Fwp%2Fv2%2Fmedia&parent=569"}],"wp:term":[{"taxonomy":"category","embeddable":true,"href":"https:\/\/gew-unterfranken.de\/index.php?rest_route=%2Fwp%2Fv2%2Fcategories&post=569"},{"taxonomy":"post_tag","embeddable":true,"href":"https:\/\/gew-unterfranken.de\/index.php?rest_route=%2Fwp%2Fv2%2Ftags&post=569"}],"curies":[{"name":"wp","href":"https:\/\/api.w.org\/{rel}","templated":true}]}}