{"id":537,"date":"2019-02-23T13:16:55","date_gmt":"2019-02-23T13:16:55","guid":{"rendered":"http:\/\/gew-unterfranken.de\/?p=537"},"modified":"2019-02-28T16:12:16","modified_gmt":"2019-02-28T16:12:16","slug":"aschaffenburg-paedagogen-streiken-fuer-besseren-lohn","status":"publish","type":"post","link":"https:\/\/gew-unterfranken.de\/?p=537","title":{"rendered":"Aschaffenburg: Lehrkr\u00e4fte streiken f\u00fcr besseren Lohn"},"content":{"rendered":"\n<p>&#8222;Unsere Arbeit ist mehr Wert!&#8220; \u2013  Dieser Ruf schallte am Freitag den 22. Februar durch die Aschaffenburger Innenstadt. Ein bebilderter R\u00fcckblick auf eine gelungene Warnstreikaktion von P\u00e4dagog*innen aus unserer Region.<\/p>\n\n\n\n<figure class=\"wp-block-image\"><img loading=\"lazy\" width=\"750\" height=\"400\" src=\"http:\/\/gew-unterfranken.de\/wp-content\/uploads\/2019\/02\/warnstreik_AB20190222_16.jpg\" alt=\"\" class=\"wp-image-538\" srcset=\"https:\/\/gew-unterfranken.de\/wp-content\/uploads\/2019\/02\/warnstreik_AB20190222_16.jpg 750w, https:\/\/gew-unterfranken.de\/wp-content\/uploads\/2019\/02\/warnstreik_AB20190222_16-300x160.jpg 300w\" sizes=\"(max-width: 750px) 100vw, 750px\" \/><figcaption><a href=\"https:\/\/www.main.tv\/mediathek\/video\/paedagogen-streiken-fuer-besseren-lohn\" target=\"_blank\" rel=\"noreferrer noopener\" aria-label=\" (\u00f6ffnet in neuem Tab)\">https:\/\/www.main.tv\/mediathek\/video\/paedagogen-streiken-fuer-besseren-lohn<\/a><\/figcaption><\/figure>\n\n\n\n<p>Die Streikenden wurden angefeuert durch Redebeitr\u00e4ge des GEW-Landesvorsitzenden Anton Salzbrunn und den DGB Kreisvorsitzenden Bj\u00f6rn Wortmann. Gemeinsames  Singen von Streikliedern zusammen mit dem ehemaligen GEW-Kreisvorsitzenden Reinhard Frankl an der Gitarre sorgte f\u00fcr gute Laune.<\/p>\n\n\n\n<!--more-->\n\n\n\n<ul class=\"wp-block-gallery columns-1 is-cropped\"><li class=\"blocks-gallery-item\"><figure><img loading=\"lazy\" width=\"750\" height=\"400\" src=\"https:\/\/gew-unterfranken.de\/wp-content\/uploads\/2019\/02\/warnstreik_AB20190222_01.jpg\" alt=\"\" data-id=\"545\" data-link=\"https:\/\/gew-unterfranken.de\/?attachment_id=545\" class=\"wp-image-545\" srcset=\"https:\/\/gew-unterfranken.de\/wp-content\/uploads\/2019\/02\/warnstreik_AB20190222_01.jpg 750w, https:\/\/gew-unterfranken.de\/wp-content\/uploads\/2019\/02\/warnstreik_AB20190222_01-300x160.jpg 300w\" sizes=\"(max-width: 750px) 100vw, 750px\" \/><\/figure><\/li><li class=\"blocks-gallery-item\"><figure><img loading=\"lazy\" width=\"750\" height=\"400\" src=\"https:\/\/gew-unterfranken.de\/wp-content\/uploads\/2019\/02\/warnstreik_AB20190222_02.jpg\" alt=\"\" data-id=\"546\" data-link=\"https:\/\/gew-unterfranken.de\/?attachment_id=546\" class=\"wp-image-546\" srcset=\"https:\/\/gew-unterfranken.de\/wp-content\/uploads\/2019\/02\/warnstreik_AB20190222_02.jpg 750w, https:\/\/gew-unterfranken.de\/wp-content\/uploads\/2019\/02\/warnstreik_AB20190222_02-300x160.jpg 300w\" sizes=\"(max-width: 750px) 100vw, 750px\" \/><\/figure><\/li><li class=\"blocks-gallery-item\"><figure><img loading=\"lazy\" width=\"750\" height=\"400\" src=\"https:\/\/gew-unterfranken.de\/wp-content\/uploads\/2019\/02\/warnstreik_AB20190222_03.jpg\" alt=\"\" data-id=\"547\" data-link=\"https:\/\/gew-unterfranken.de\/?attachment_id=547\" class=\"wp-image-547\" srcset=\"https:\/\/gew-unterfranken.de\/wp-content\/uploads\/2019\/02\/warnstreik_AB20190222_03.jpg 750w, https:\/\/gew-unterfranken.de\/wp-content\/uploads\/2019\/02\/warnstreik_AB20190222_03-300x160.jpg 300w\" sizes=\"(max-width: 750px) 100vw, 750px\" \/><\/figure><\/li><li class=\"blocks-gallery-item\"><figure><img loading=\"lazy\" width=\"750\" height=\"400\" src=\"https:\/\/gew-unterfranken.de\/wp-content\/uploads\/2019\/02\/warnstreik_AB20190222_04.jpg\" alt=\"\" data-id=\"548\" data-link=\"https:\/\/gew-unterfranken.de\/?attachment_id=548\" class=\"wp-image-548\" srcset=\"https:\/\/gew-unterfranken.de\/wp-content\/uploads\/2019\/02\/warnstreik_AB20190222_04.jpg 750w, https:\/\/gew-unterfranken.de\/wp-content\/uploads\/2019\/02\/warnstreik_AB20190222_04-300x160.jpg 300w\" sizes=\"(max-width: 750px) 100vw, 750px\" \/><\/figure><\/li><li class=\"blocks-gallery-item\"><figure><img loading=\"lazy\" width=\"750\" height=\"400\" src=\"https:\/\/gew-unterfranken.de\/wp-content\/uploads\/2019\/02\/warnstreik_AB20190222_05.jpg\" alt=\"\" data-id=\"549\" data-link=\"https:\/\/gew-unterfranken.de\/?attachment_id=549\" class=\"wp-image-549\" srcset=\"https:\/\/gew-unterfranken.de\/wp-content\/uploads\/2019\/02\/warnstreik_AB20190222_05.jpg 750w, https:\/\/gew-unterfranken.de\/wp-content\/uploads\/2019\/02\/warnstreik_AB20190222_05-300x160.jpg 300w\" sizes=\"(max-width: 750px) 100vw, 750px\" \/><\/figure><\/li><li class=\"blocks-gallery-item\"><figure><img loading=\"lazy\" width=\"750\" height=\"400\" src=\"https:\/\/gew-unterfranken.de\/wp-content\/uploads\/2019\/02\/warnstreik_AB20190222_06.jpg\" alt=\"\" data-id=\"550\" data-link=\"https:\/\/gew-unterfranken.de\/?attachment_id=550\" class=\"wp-image-550\" srcset=\"https:\/\/gew-unterfranken.de\/wp-content\/uploads\/2019\/02\/warnstreik_AB20190222_06.jpg 750w, https:\/\/gew-unterfranken.de\/wp-content\/uploads\/2019\/02\/warnstreik_AB20190222_06-300x160.jpg 300w\" sizes=\"(max-width: 750px) 100vw, 750px\" \/><\/figure><\/li><li class=\"blocks-gallery-item\"><figure><img loading=\"lazy\" width=\"750\" height=\"400\" src=\"https:\/\/gew-unterfranken.de\/wp-content\/uploads\/2019\/02\/warnstreik_AB20190222_08.jpg\" alt=\"\" data-id=\"551\" data-link=\"https:\/\/gew-unterfranken.de\/?attachment_id=551\" class=\"wp-image-551\" srcset=\"https:\/\/gew-unterfranken.de\/wp-content\/uploads\/2019\/02\/warnstreik_AB20190222_08.jpg 750w, https:\/\/gew-unterfranken.de\/wp-content\/uploads\/2019\/02\/warnstreik_AB20190222_08-300x160.jpg 300w\" sizes=\"(max-width: 750px) 100vw, 750px\" \/><\/figure><\/li><li class=\"blocks-gallery-item\"><figure><img loading=\"lazy\" width=\"750\" height=\"400\" src=\"https:\/\/gew-unterfranken.de\/wp-content\/uploads\/2019\/02\/warnstreik_AB20190222_09.jpg\" alt=\"\" data-id=\"552\" data-link=\"https:\/\/gew-unterfranken.de\/?attachment_id=552\" class=\"wp-image-552\" srcset=\"https:\/\/gew-unterfranken.de\/wp-content\/uploads\/2019\/02\/warnstreik_AB20190222_09.jpg 750w, https:\/\/gew-unterfranken.de\/wp-content\/uploads\/2019\/02\/warnstreik_AB20190222_09-300x160.jpg 300w\" sizes=\"(max-width: 750px) 100vw, 750px\" \/><\/figure><\/li><li class=\"blocks-gallery-item\"><figure><img loading=\"lazy\" width=\"750\" height=\"400\" src=\"https:\/\/gew-unterfranken.de\/wp-content\/uploads\/2019\/02\/warnstreik_AB20190222_10.jpg\" alt=\"\" data-id=\"553\" data-link=\"https:\/\/gew-unterfranken.de\/?attachment_id=553\" class=\"wp-image-553\" srcset=\"https:\/\/gew-unterfranken.de\/wp-content\/uploads\/2019\/02\/warnstreik_AB20190222_10.jpg 750w, https:\/\/gew-unterfranken.de\/wp-content\/uploads\/2019\/02\/warnstreik_AB20190222_10-300x160.jpg 300w\" sizes=\"(max-width: 750px) 100vw, 750px\" \/><\/figure><\/li><li class=\"blocks-gallery-item\"><figure><img loading=\"lazy\" width=\"750\" height=\"400\" src=\"https:\/\/gew-unterfranken.de\/wp-content\/uploads\/2019\/02\/warnstreik_AB20190222_11.jpg\" alt=\"\" data-id=\"554\" data-link=\"https:\/\/gew-unterfranken.de\/?attachment_id=554\" class=\"wp-image-554\" srcset=\"https:\/\/gew-unterfranken.de\/wp-content\/uploads\/2019\/02\/warnstreik_AB20190222_11.jpg 750w, https:\/\/gew-unterfranken.de\/wp-content\/uploads\/2019\/02\/warnstreik_AB20190222_11-300x160.jpg 300w\" sizes=\"(max-width: 750px) 100vw, 750px\" \/><\/figure><\/li><li class=\"blocks-gallery-item\"><figure><img loading=\"lazy\" width=\"750\" height=\"400\" src=\"https:\/\/gew-unterfranken.de\/wp-content\/uploads\/2019\/02\/warnstreik_AB20190222_12.jpg\" alt=\"\" data-id=\"555\" data-link=\"https:\/\/gew-unterfranken.de\/?attachment_id=555\" class=\"wp-image-555\" srcset=\"https:\/\/gew-unterfranken.de\/wp-content\/uploads\/2019\/02\/warnstreik_AB20190222_12.jpg 750w, https:\/\/gew-unterfranken.de\/wp-content\/uploads\/2019\/02\/warnstreik_AB20190222_12-300x160.jpg 300w\" sizes=\"(max-width: 750px) 100vw, 750px\" \/><\/figure><\/li><li class=\"blocks-gallery-item\"><figure><img loading=\"lazy\" width=\"750\" height=\"400\" src=\"https:\/\/gew-unterfranken.de\/wp-content\/uploads\/2019\/02\/warnstreik_AB20190222_13.jpg\" alt=\"\" data-id=\"556\" data-link=\"https:\/\/gew-unterfranken.de\/?attachment_id=556\" class=\"wp-image-556\" srcset=\"https:\/\/gew-unterfranken.de\/wp-content\/uploads\/2019\/02\/warnstreik_AB20190222_13.jpg 750w, https:\/\/gew-unterfranken.de\/wp-content\/uploads\/2019\/02\/warnstreik_AB20190222_13-300x160.jpg 300w\" sizes=\"(max-width: 750px) 100vw, 750px\" \/><\/figure><\/li><li class=\"blocks-gallery-item\"><figure><img loading=\"lazy\" width=\"750\" height=\"400\" src=\"https:\/\/gew-unterfranken.de\/wp-content\/uploads\/2019\/02\/warnstreik_AB20190222_14.jpg\" alt=\"\" data-id=\"557\" data-link=\"https:\/\/gew-unterfranken.de\/?attachment_id=557\" class=\"wp-image-557\" srcset=\"https:\/\/gew-unterfranken.de\/wp-content\/uploads\/2019\/02\/warnstreik_AB20190222_14.jpg 750w, https:\/\/gew-unterfranken.de\/wp-content\/uploads\/2019\/02\/warnstreik_AB20190222_14-300x160.jpg 300w\" sizes=\"(max-width: 750px) 100vw, 750px\" \/><\/figure><\/li><li class=\"blocks-gallery-item\"><figure><img loading=\"lazy\" width=\"750\" height=\"400\" src=\"https:\/\/gew-unterfranken.de\/wp-content\/uploads\/2019\/02\/warnstreik_AB20190222_15.jpg\" alt=\"\" data-id=\"558\" data-link=\"https:\/\/gew-unterfranken.de\/?attachment_id=558\" class=\"wp-image-558\" srcset=\"https:\/\/gew-unterfranken.de\/wp-content\/uploads\/2019\/02\/warnstreik_AB20190222_15.jpg 750w, https:\/\/gew-unterfranken.de\/wp-content\/uploads\/2019\/02\/warnstreik_AB20190222_15-300x160.jpg 300w\" sizes=\"(max-width: 750px) 100vw, 750px\" \/><\/figure><\/li><\/ul>\n","protected":false},"excerpt":{"rendered":"<p>&#8222;Unsere Arbeit ist mehr Wert!&#8220; \u2013 Dieser Ruf schallte am Freitag den 22. Februar durch die Aschaffenburger Innenstadt. Ein bebilderter R\u00fcckblick auf eine gelungene Warnstreikaktion von P\u00e4dagog*innen aus unserer Region. Die Streikenden wurden angefeuert durch Redebeitr\u00e4ge des GEW-Landesvorsitzenden Anton Salzbrunn und den DGB Kreisvorsitzenden Bj\u00f6rn Wortmann. Gemeinsames Singen von Streikliedern zusammen mit dem ehemaligen GEW-Kreisvorsitzenden<\/p><\/div>\n<div class=\"blog-btn\"><a href=\"https:\/\/gew-unterfranken.de\/?p=537\" class=\"home-blog-btn\">Weiterlesen<\/a><\/p>\n","protected":false},"author":2,"featured_media":555,"comment_status":"closed","ping_status":"closed","sticky":false,"template":"","format":"standard","meta":[],"categories":[24],"tags":[3,12,33],"_links":{"self":[{"href":"https:\/\/gew-unterfranken.de\/index.php?rest_route=\/wp\/v2\/posts\/537"}],"collection":[{"href":"https:\/\/gew-unterfranken.de\/index.php?rest_route=\/wp\/v2\/posts"}],"about":[{"href":"https:\/\/gew-unterfranken.de\/index.php?rest_route=\/wp\/v2\/types\/post"}],"author":[{"embeddable":true,"href":"https:\/\/gew-unterfranken.de\/index.php?rest_route=\/wp\/v2\/users\/2"}],"replies":[{"embeddable":true,"href":"https:\/\/gew-unterfranken.de\/index.php?rest_route=%2Fwp%2Fv2%2Fcomments&post=537"}],"version-history":[{"count":8,"href":"https:\/\/gew-unterfranken.de\/index.php?rest_route=\/wp\/v2\/posts\/537\/revisions"}],"predecessor-version":[{"id":568,"href":"https:\/\/gew-unterfranken.de\/index.php?rest_route=\/wp\/v2\/posts\/537\/revisions\/568"}],"wp:featuredmedia":[{"embeddable":true,"href":"https:\/\/gew-unterfranken.de\/index.php?rest_route=\/wp\/v2\/media\/555"}],"wp:attachment":[{"href":"https:\/\/gew-unterfranken.de\/index.php?rest_route=%2Fwp%2Fv2%2Fmedia&parent=537"}],"wp:term":[{"taxonomy":"category","embeddable":true,"href":"https:\/\/gew-unterfranken.de\/index.php?rest_route=%2Fwp%2Fv2%2Fcategories&post=537"},{"taxonomy":"post_tag","embeddable":true,"href":"https:\/\/gew-unterfranken.de\/index.php?rest_route=%2Fwp%2Fv2%2Ftags&post=537"}],"curies":[{"name":"wp","href":"https:\/\/api.w.org\/{rel}","templated":true}]}}