{"id":529,"date":"2019-02-24T14:57:59","date_gmt":"2019-02-24T14:57:59","guid":{"rendered":"http:\/\/gew-unterfranken.de\/?p=529"},"modified":"2019-02-28T12:48:34","modified_gmt":"2019-02-28T12:48:34","slug":"529","status":"publish","type":"post","link":"https:\/\/gew-unterfranken.de\/?p=529","title":{"rendered":"Erneuter Warnstreikaufruf"},"content":{"rendered":"<div class=\"\">Die Gewerkschaft Erziehung und Wissenschaft ruft ihre Mitglieder in Unterfranken erneut zum Warnstreik auf: <a class=\"\" href=\"https:\/\/www.gew-bayern.de\/aktuelles\/detailseite\/neuigkeiten\/warnstreiks-in-bayern\/\" target=\"_blank\" rel=\"noopener noreferrer\">Aufrufe der GEW Bayern<\/a><\/div>\n<div class=\"\"><\/div>\n<div class=\"\">Mit ihren berechtigten Forderungen werden die Angestellten an staatlichen Schulen, Horten, Kitas und der Julius-Maximilians-Universit\u00e4t am Dienstag, 26.02. ganzt\u00e4gig in den Ausstand treten.<\/div>\n<div class=\"\"><\/div>\n<div class=\"\">Damit soll den z\u00f6gerlichen \u00f6ffentlichen Arbeitgebern deutlich gemacht werden, dass der staatliche \u00f6ffentliche Dienst es ernst meint:&nbsp;<a class=\"\" href=\"https:\/\/www.gew.de\/troed2019\/das-sagen-gew-mitglieder\/\" target=\"_blank\" rel=\"noopener noreferrer\">Zitate<\/a><\/div>\n<div class=\"\"><\/div>\n<div class=\"\"><b class=\"\">In Unterfranken<\/b> ist besonders die <b class=\"\">befristete Besch\u00e4ftigung<\/b> an Schulen und der Universit\u00e4t ein \u00dcbel, das abgeschafft geh\u00f6rt. \u201eDer Bedarf ist da, der Staat muss ihn erf\u00fcllen, aber nicht auf Kosten der Angestellten,\u201c sagt der Gesch\u00e4ftsf\u00fchrer der GEW Unterfranken, J\u00f6rg Nellen. Es fehle z.B. auch eine finanzielle Entsch\u00e4digung f\u00fcr die vielen Teilzeit-Arbeitsvetr\u00e4ge in Folge, sogenannte Kettenvertr\u00e4ge, in denen von den Betroffenen f\u00fcr die Teilzeit- Bezahlung <b class=\"\">gezielt unbezahlte \u00dcberstunden erwartet<\/b> werden. &#8222;Neben der Befristung ist dies die gr\u00f6\u00dfte Ungerechtigkeit f\u00fcr wissenschaftliche Mitarbeiter*innen an der Uni W\u00fcrzburg,&#8220; so Nellen.<\/div>\n<div class=\"\"><\/div>\n<div class=\"\">Die Beamt*innen in der GEW stehen voll hinter ihren streikbereiten Kolleg*innen. Sie wissen: Den streikenden Gewerkschaftsmitgliedern verdanken auch sie eine Aufstockung ihrer Bez\u00fcge.<\/div>\n<div class=\"\"><\/div>\n<div class=\"\">Die Warnstreikenden treffen sich um 7:30 Uhr am Dallenbergparkplatz, von wo sie in Kooperation mit ver.di mit Bussen zu der zentralen Kundgebung auf dem Schlossplatz in Erlangen gefahren werden. Die Mitfahrt ist f\u00fcr Gewerkschaftsmitglieder kostenlos.<\/div>\n","protected":false},"excerpt":{"rendered":"<p>Die Gewerkschaft Erziehung und Wissenschaft ruft ihre Mitglieder in Unterfranken erneut zum Warnstreik auf: Aufrufe der GEW Bayern Mit ihren berechtigten Forderungen werden die Angestellten an staatlichen Schulen, Horten, Kitas und der Julius-Maximilians-Universit\u00e4t am Dienstag, 26.02. ganzt\u00e4gig in den Ausstand treten. Damit soll den z\u00f6gerlichen \u00f6ffentlichen Arbeitgebern deutlich gemacht werden, dass der staatliche \u00f6ffentliche Dienst<\/p><\/div>\n<div class=\"blog-btn\"><a href=\"https:\/\/gew-unterfranken.de\/?p=529\" class=\"home-blog-btn\">Weiterlesen<\/a><\/p>\n","protected":false},"author":2,"featured_media":530,"comment_status":"closed","ping_status":"closed","sticky":false,"template":"","format":"standard","meta":[],"categories":[25],"tags":[26,12,33],"_links":{"self":[{"href":"https:\/\/gew-unterfranken.de\/index.php?rest_route=\/wp\/v2\/posts\/529"}],"collection":[{"href":"https:\/\/gew-unterfranken.de\/index.php?rest_route=\/wp\/v2\/posts"}],"about":[{"href":"https:\/\/gew-unterfranken.de\/index.php?rest_route=\/wp\/v2\/types\/post"}],"author":[{"embeddable":true,"href":"https:\/\/gew-unterfranken.de\/index.php?rest_route=\/wp\/v2\/users\/2"}],"replies":[{"embeddable":true,"href":"https:\/\/gew-unterfranken.de\/index.php?rest_route=%2Fwp%2Fv2%2Fcomments&post=529"}],"version-history":[{"count":3,"href":"https:\/\/gew-unterfranken.de\/index.php?rest_route=\/wp\/v2\/posts\/529\/revisions"}],"predecessor-version":[{"id":534,"href":"https:\/\/gew-unterfranken.de\/index.php?rest_route=\/wp\/v2\/posts\/529\/revisions\/534"}],"wp:featuredmedia":[{"embeddable":true,"href":"https:\/\/gew-unterfranken.de\/index.php?rest_route=\/wp\/v2\/media\/530"}],"wp:attachment":[{"href":"https:\/\/gew-unterfranken.de\/index.php?rest_route=%2Fwp%2Fv2%2Fmedia&parent=529"}],"wp:term":[{"taxonomy":"category","embeddable":true,"href":"https:\/\/gew-unterfranken.de\/index.php?rest_route=%2Fwp%2Fv2%2Fcategories&post=529"},{"taxonomy":"post_tag","embeddable":true,"href":"https:\/\/gew-unterfranken.de\/index.php?rest_route=%2Fwp%2Fv2%2Ftags&post=529"}],"curies":[{"name":"wp","href":"https:\/\/api.w.org\/{rel}","templated":true}]}}