{"id":520,"date":"2019-02-19T16:35:54","date_gmt":"2019-02-19T16:35:54","guid":{"rendered":"http:\/\/gew-unterfranken.de\/?p=520"},"modified":"2019-02-28T12:48:50","modified_gmt":"2019-02-28T12:48:50","slug":"warnstreikaufruf-fuer-aschaffenburg","status":"publish","type":"post","link":"https:\/\/gew-unterfranken.de\/?p=520","title":{"rendered":"Warnstreikaufruf f\u00fcr Aschaffenburg"},"content":{"rendered":"<p><a href=\"http:\/\/gew-unterfranken.de\/wp-content\/uploads\/2019\/02\/2019_02_22-Warnstreikaufruf-Aschaffenburg.pdf\" target=\"_blank\" rel=\"noopener noreferrer\">Aufruf zum Warnstreik (pdf)<\/a><\/p>\n<div class=\"\">\n<div class=\"\">\n<div class=\"\">\n<div class=\"\">Zur Durchsetzung ihrer Forderungen (s. unten) ruft die Gewerkschaft Erziehung und Wissenschaft Bayern ihre tarifbesch\u00e4ftigten Mitglieder&nbsp;im Geltungsbereich des TV-L und TV Prakt-L im Kreisverband Aschaffenburg-Miltenberg f\u00fcr den <strong>22.02.2019<\/strong> zu einem ganzt\u00e4gigen Warnstreik auf. Details k\u00f6nnen dem Warnstreikaufruf (s.o.) entnommen werden.<\/div>\n<div class=\"\"><\/div>\n<div class=\"\">Damit soll in den festgefahrenen Verhandlungen mit dem Arbeitgeber Freistaat Bayern der Druck erh\u00f6ht werden, die gerechtfertigten Anliegen seiner Angestellten wahrzunehmen.<\/div>\n<div class=\"\"><\/div>\n<div class=\"\">\n<div class=\"\"><span class=\"\">Betroffen sind vor allem zwei Schulen in Aschaffenburg sein. Die Vorsitzende des Kreisverbandes, Monika Hartl, sieht in der Entlohnung einen wichtigen Faktor f\u00fcr die Schulen: \u201eGerade in der Bildung brauchen wir das beste Personal! Das bekommen wir nur, wenn auch die Tarife in diesem Bereich attraktiv sind! Der derzeitige Lehrermangel in ganz Bayern ist ein Resultat aus vielen Fehlplanungen &#8211; unter anderem in dem Bereich Gehalt!\u201c<\/span><br class=\"\"><span class=\"\">Auch die betroffenen Besch\u00e4ftigten wehren sich. Ursula Walde, Heilp\u00e4dagogische F\u00f6rderlehrerin in Aschaffenburg, fordert: \u201eWir arbeiten jeden Tag mit viel Ausdauer und Fachwissen daran, dass die Kinder eine gute Bildung bekommen. Auch wir wollen eine Entlohnung, die uns Wertsch\u00e4tzung gibt!\u201c<\/span><\/div>\n<\/div>\n<div class=\"\"><span class=\"\">&nbsp;<\/span><\/div>\n<div class=\"\">Treffpunkt ist am Freitag um 08:00 an der Comenius-Schule, Aschaffenburg, ab 08:30 ist das Streiklokal \u201eSchwarzer Riese\u201c besetzt, um 10 Uhr beginnt die Kundgebung Ecke Herstallstra\u00dfe, Steingasse (Fu\u00dfg\u00e4ngerzone), Redner ist Anton Salzbrunn, bayerischer GEW-Landesvorsitzender.<\/div>\n<\/div>\n<div><\/div>\n<div class=\"\">R\u00fcckfragen an: Ursula Walde &#x75;&#x72;&#115;u&#x6c;&#x61;&#x2e;&#119;a&#x6c;&#x64;&#x65;&#64;g&#x65;&#x77;&#x2d;&#117;n&#x74;&#x65;&#x72;&#102;r&#x61;&#x6e;&#x6b;&#101;n&#x2e;&#x64;&#x65;&nbsp; 0176 51888522<\/div>\n<\/div>\n<\/div>\n<p>&nbsp;<\/p>\n<p>Die GEW fordert in der Tarifrunde 2019<br \/>\n&#8211; Erh\u00f6hung der Tabellenentgelte um 6 Prozent, mindestens aber 200 Euro bei einer Laufzeit von 12 Monaten!<br \/>\n&#8211; Die Entgelte der Auszubildenden und Praktikant*innen sollen um 100 Euro monatlich erh\u00f6ht werden.<br \/>\n&#8211; Verbesserungen f\u00fcr die wissenschaftlichen Mitarbeiter*innen<br \/>\n&#8211; Die Einbindung der studentischen Hilfskr\u00e4fte in den TV-L<\/p>\n","protected":false},"excerpt":{"rendered":"<p>Aufruf zum Warnstreik (pdf) Zur Durchsetzung ihrer Forderungen (s. unten) ruft die Gewerkschaft Erziehung und Wissenschaft Bayern ihre tarifbesch\u00e4ftigten Mitglieder&nbsp;im Geltungsbereich des TV-L und TV Prakt-L im Kreisverband Aschaffenburg-Miltenberg f\u00fcr den 22.02.2019 zu einem ganzt\u00e4gigen Warnstreik auf. Details k\u00f6nnen dem Warnstreikaufruf (s.o.) entnommen werden. Damit soll in den festgefahrenen Verhandlungen mit dem Arbeitgeber Freistaat Bayern<\/p><\/div>\n<div class=\"blog-btn\"><a href=\"https:\/\/gew-unterfranken.de\/?p=520\" class=\"home-blog-btn\">Weiterlesen<\/a><\/p>\n","protected":false},"author":2,"featured_media":519,"comment_status":"closed","ping_status":"closed","sticky":false,"template":"","format":"standard","meta":[],"categories":[13,25],"tags":[3,26,12,33],"_links":{"self":[{"href":"https:\/\/gew-unterfranken.de\/index.php?rest_route=\/wp\/v2\/posts\/520"}],"collection":[{"href":"https:\/\/gew-unterfranken.de\/index.php?rest_route=\/wp\/v2\/posts"}],"about":[{"href":"https:\/\/gew-unterfranken.de\/index.php?rest_route=\/wp\/v2\/types\/post"}],"author":[{"embeddable":true,"href":"https:\/\/gew-unterfranken.de\/index.php?rest_route=\/wp\/v2\/users\/2"}],"replies":[{"embeddable":true,"href":"https:\/\/gew-unterfranken.de\/index.php?rest_route=%2Fwp%2Fv2%2Fcomments&post=520"}],"version-history":[{"count":5,"href":"https:\/\/gew-unterfranken.de\/index.php?rest_route=\/wp\/v2\/posts\/520\/revisions"}],"predecessor-version":[{"id":535,"href":"https:\/\/gew-unterfranken.de\/index.php?rest_route=\/wp\/v2\/posts\/520\/revisions\/535"}],"wp:featuredmedia":[{"embeddable":true,"href":"https:\/\/gew-unterfranken.de\/index.php?rest_route=\/wp\/v2\/media\/519"}],"wp:attachment":[{"href":"https:\/\/gew-unterfranken.de\/index.php?rest_route=%2Fwp%2Fv2%2Fmedia&parent=520"}],"wp:term":[{"taxonomy":"category","embeddable":true,"href":"https:\/\/gew-unterfranken.de\/index.php?rest_route=%2Fwp%2Fv2%2Fcategories&post=520"},{"taxonomy":"post_tag","embeddable":true,"href":"https:\/\/gew-unterfranken.de\/index.php?rest_route=%2Fwp%2Fv2%2Ftags&post=520"}],"curies":[{"name":"wp","href":"https:\/\/api.w.org\/{rel}","templated":true}]}}