{"id":505,"date":"2019-02-12T15:30:23","date_gmt":"2019-02-12T15:30:23","guid":{"rendered":"http:\/\/gew-unterfranken.de\/?p=505"},"modified":"2019-02-24T14:59:41","modified_gmt":"2019-02-24T14:59:41","slug":"einladung-mitgliederversammlung-aschaffenburg-miltenberg","status":"publish","type":"post","link":"https:\/\/gew-unterfranken.de\/?p=505","title":{"rendered":"Einladung: Mitgliederversammlung Aschaffenburg-Miltenberg"},"content":{"rendered":"<p>Die GEW Aschaffenburg-Miltenberg l\u00e4dt herzlich ein zur n\u00e4chsten Mitgliederversammlung am Donnerstag, den 21. Februar, 19:30 Uhr im Halkevi, Schweinheimer Stra\u00dfe 22, Aschaffenburg.<\/p>\n<p>Anton Salzbrunn (Bild), Landesvorsitzender der GEW Bayern, kommt! Er wird uns \u00fcber die aktuelle Situation der Tarifverhandlungen im TV-L berichten. Da einige von uns direkt betroffen sind und viele von uns indirekt (bisher hat die Landesregierung f\u00fcr die Beamten die Abschl\u00fcsse des TV-L meist 1:1 \u00fcbernommen) wird das f\u00fcr uns alle ein interessanter Abend. Au\u00dferdem wird uns Anton \u00fcber Neues aus dem Landesvorstand informieren (z.B. \u00fcber die Lehramtskampagne, Personal in der<br \/>\nLandesgesch\u00e4ftsstelle\u2026).<\/p>\n<p><a href=\"http:\/\/gew-unterfranken.de\/wp-content\/uploads\/2019\/02\/EinladungMV20190221.pdf\" target=\"_blank\" rel=\"noopener\">Einladung mit Info zur Anfahrt herunteladen<\/a><\/p>\n","protected":false},"excerpt":{"rendered":"<p>Die GEW Aschaffenburg-Miltenberg l\u00e4dt herzlich ein zur n\u00e4chsten Mitgliederversammlung am Donnerstag, den 21. Februar, 19:30 Uhr im Halkevi, Schweinheimer Stra\u00dfe 22, Aschaffenburg. Anton Salzbrunn (Bild), Landesvorsitzender der GEW Bayern, kommt! Er wird uns \u00fcber die aktuelle Situation der Tarifverhandlungen im TV-L berichten. Da einige von uns direkt betroffen sind und viele von uns indirekt (bisher<\/p><\/div>\n<div class=\"blog-btn\"><a href=\"https:\/\/gew-unterfranken.de\/?p=505\" class=\"home-blog-btn\">Weiterlesen<\/a><\/p>\n","protected":false},"author":2,"featured_media":506,"comment_status":"closed","ping_status":"closed","sticky":false,"template":"","format":"standard","meta":[],"categories":[13],"tags":[3,33],"_links":{"self":[{"href":"https:\/\/gew-unterfranken.de\/index.php?rest_route=\/wp\/v2\/posts\/505"}],"collection":[{"href":"https:\/\/gew-unterfranken.de\/index.php?rest_route=\/wp\/v2\/posts"}],"about":[{"href":"https:\/\/gew-unterfranken.de\/index.php?rest_route=\/wp\/v2\/types\/post"}],"author":[{"embeddable":true,"href":"https:\/\/gew-unterfranken.de\/index.php?rest_route=\/wp\/v2\/users\/2"}],"replies":[{"embeddable":true,"href":"https:\/\/gew-unterfranken.de\/index.php?rest_route=%2Fwp%2Fv2%2Fcomments&post=505"}],"version-history":[{"count":4,"href":"https:\/\/gew-unterfranken.de\/index.php?rest_route=\/wp\/v2\/posts\/505\/revisions"}],"predecessor-version":[{"id":512,"href":"https:\/\/gew-unterfranken.de\/index.php?rest_route=\/wp\/v2\/posts\/505\/revisions\/512"}],"wp:featuredmedia":[{"embeddable":true,"href":"https:\/\/gew-unterfranken.de\/index.php?rest_route=\/wp\/v2\/media\/506"}],"wp:attachment":[{"href":"https:\/\/gew-unterfranken.de\/index.php?rest_route=%2Fwp%2Fv2%2Fmedia&parent=505"}],"wp:term":[{"taxonomy":"category","embeddable":true,"href":"https:\/\/gew-unterfranken.de\/index.php?rest_route=%2Fwp%2Fv2%2Fcategories&post=505"},{"taxonomy":"post_tag","embeddable":true,"href":"https:\/\/gew-unterfranken.de\/index.php?rest_route=%2Fwp%2Fv2%2Ftags&post=505"}],"curies":[{"name":"wp","href":"https:\/\/api.w.org\/{rel}","templated":true}]}}