{"id":485,"date":"2019-02-05T09:08:14","date_gmt":"2019-02-05T09:08:14","guid":{"rendered":"http:\/\/gew-unterfranken.de\/?p=485"},"modified":"2019-03-20T13:06:30","modified_gmt":"2019-03-20T13:06:30","slug":"vortrag-und-diskussion-prekaere-arbeitswelten-im-digitalen-zeitalter","status":"publish","type":"post","link":"https:\/\/gew-unterfranken.de\/?p=485","title":{"rendered":"Vortrag und Diskussion: \u201ePrek\u00e4re Arbeitswelten im digitalen Zeitalter\u201c"},"content":{"rendered":"<p>mit Stefan Dietl, Autor des Buches \u00bbPrek\u00e4re<br \/>Arbeitswelten &#8211; Von digitalen Tagel\u00f6hner bis zur Generation Praktikum\u00ab<\/p>\n<p>Veranstaltung des DGB-Kreisvorstands Schweinfurt in Zusammenarbeit<br \/>mit dem GEW-Kreisverband Schweinfurt\/Rh\u00f6n-Grabfeld<\/p>\n<p>Termin: 09.04.2019 um 19:30 Uhr<br \/>Ort: Kulturwerkstatt Disharmonie Schweinfurt, Gutermann-Promenade 7<br \/>Kontakt:Telefon 09721-28895, &#x69;&#x6e;&#x66;&#x6f;&#x40;&#x64;&#105;&#115;&#104;&#97;rmon&#x69;&#x65;&#x2e;&#x64;&#x65;<br \/>Eintritt frei<\/p>\n<p>Leiharbeit, Werkvertr\u00e4ge, Minijobs, Befristungen \u2013 fast 40 Prozent der Besch\u00e4ftigten in Deutschland arbeiten inzwischen in diesen oder anderen prek\u00e4ren Arbeitsverh\u00e4ltnissen.<br \/><!--more--><br \/>F\u00fcr die Betroffenen hei\u00dft das h\u00e4ufig niedrige L\u00f6hne, geringe soziale Absicherung und st\u00e4ndige Angst vor dem Verlust des Arbeitsplatzes. Seit die Agenda 2010 die Grundlage f\u00fcr den anhaltenden Boom prek\u00e4rer Besch\u00e4ftigung legte, stieg jedoch nicht nur die Zahl der betroffenen Arbeitnehmer kontinuierlich an, es entstanden auch immer neue Formen der Prekarit\u00e4t. Gerade durch die technischen Neuerungen der Internet\u00f6konomie ergeben sich f\u00fcr Unternehmen neue M\u00f6glichkeiten des Lohndumpings und der Umgehung gesetzlicher und tariflicher Rahmenbedingungen.<br \/>In seinem Vortrag widmet sich Stefan Dietl daher insbesondere prek\u00e4ren Besch\u00e4ftigungsformen im digitalen Zeitalter wie dem \u00bbcrowdworking\u00ab oder der \u00bbGig-Work\u00ab. Er nimmt jedoch auch anderen bisher wenig beachtete atypische Besch\u00e4ftigungsverh\u00e4ltnisse wie der Arbeit auf Abruf oder der Ausbeutung von Wanderarbeiter*innen unter die Lupe und gibt einen Einblick in die aktuellsten Entwicklungen der bereits seit L\u00e4ngerem in Deutschland etablierten Formen prek\u00e4rer Arbeit wie der Leiharbeit, Minijobs, Befristungen oder Praktika und beschreibt deren Ausweitung auf immer mehr Arbeitsbereiche.<\/p>\n\n\n<p><a href=\"http:\/\/gew-unterfranken.de\/wp-content\/uploads\/2019\/03\/Prekaere_Arbeitswelten_digi_Zeitalter.pdf\" target=\"_blank\" rel=\"noreferrer noopener\" aria-label=\"Flyer herunterladen (\u00f6ffnet in neuem Tab)\">Flyer herunterladen<\/a><\/p>\n","protected":false},"excerpt":{"rendered":"<p>mit Stefan Dietl, Autor des Buches \u00bbPrek\u00e4reArbeitswelten &#8211; Von digitalen Tagel\u00f6hner bis zur Generation Praktikum\u00ab Veranstaltung des DGB-Kreisvorstands Schweinfurt in Zusammenarbeitmit dem GEW-Kreisverband Schweinfurt\/Rh\u00f6n-Grabfeld Termin: 09.04.2019 um 19:30 UhrOrt: Kulturwerkstatt Disharmonie Schweinfurt, Gutermann-Promenade 7Kontakt:Telefon 09721-28895, i&#110;&#x66;&#x6f;&#64;&#100;&#x69;&#x73;h&#97;&#x72;&#x6d;o&#110;&#x69;&#x65;&#46;&#100;&#x65;Eintritt frei Leiharbeit, Werkvertr\u00e4ge, Minijobs, Befristungen \u2013 fast 40 Prozent der Besch\u00e4ftigten in Deutschland arbeiten inzwischen in diesen oder anderen<\/p><\/div>\n<div class=\"blog-btn\"><a href=\"https:\/\/gew-unterfranken.de\/?p=485\" class=\"home-blog-btn\">Weiterlesen<\/a><\/p>\n","protected":false},"author":2,"featured_media":486,"comment_status":"closed","ping_status":"closed","sticky":false,"template":"","format":"standard","meta":[],"categories":[24,21],"tags":[5],"_links":{"self":[{"href":"https:\/\/gew-unterfranken.de\/index.php?rest_route=\/wp\/v2\/posts\/485"}],"collection":[{"href":"https:\/\/gew-unterfranken.de\/index.php?rest_route=\/wp\/v2\/posts"}],"about":[{"href":"https:\/\/gew-unterfranken.de\/index.php?rest_route=\/wp\/v2\/types\/post"}],"author":[{"embeddable":true,"href":"https:\/\/gew-unterfranken.de\/index.php?rest_route=\/wp\/v2\/users\/2"}],"replies":[{"embeddable":true,"href":"https:\/\/gew-unterfranken.de\/index.php?rest_route=%2Fwp%2Fv2%2Fcomments&post=485"}],"version-history":[{"count":7,"href":"https:\/\/gew-unterfranken.de\/index.php?rest_route=\/wp\/v2\/posts\/485\/revisions"}],"predecessor-version":[{"id":599,"href":"https:\/\/gew-unterfranken.de\/index.php?rest_route=\/wp\/v2\/posts\/485\/revisions\/599"}],"wp:featuredmedia":[{"embeddable":true,"href":"https:\/\/gew-unterfranken.de\/index.php?rest_route=\/wp\/v2\/media\/486"}],"wp:attachment":[{"href":"https:\/\/gew-unterfranken.de\/index.php?rest_route=%2Fwp%2Fv2%2Fmedia&parent=485"}],"wp:term":[{"taxonomy":"category","embeddable":true,"href":"https:\/\/gew-unterfranken.de\/index.php?rest_route=%2Fwp%2Fv2%2Fcategories&post=485"},{"taxonomy":"post_tag","embeddable":true,"href":"https:\/\/gew-unterfranken.de\/index.php?rest_route=%2Fwp%2Fv2%2Ftags&post=485"}],"curies":[{"name":"wp","href":"https:\/\/api.w.org\/{rel}","templated":true}]}}