{"id":464,"date":"2019-02-01T16:00:26","date_gmt":"2019-02-01T16:00:26","guid":{"rendered":"http:\/\/gew-unterfranken.de\/?p=464"},"modified":"2019-02-01T16:00:26","modified_gmt":"2019-02-01T16:00:26","slug":"die-digitalisierte-arbeitswelt-herausforderungen-fuer-das-lernen-in-schule-und-ausbildung","status":"publish","type":"post","link":"https:\/\/gew-unterfranken.de\/?p=464","title":{"rendered":"Die digitalisierte Arbeitswelt:  Herausforderungen f\u00fcr das Lernen in Schule und Ausbildung"},"content":{"rendered":"<p><strong>Bundesweite Fortbildung f\u00fcr Lehrerinnen und Lehrer der allgemein- und berufsbildenden Schulen <\/strong><\/p>\n<p>22.05. &#8211; 24.05.2019<br \/>\nIG Metall Bildungsst\u00e4tte Berlin<\/p>\n<p>Mit der zunehmenden Digitalisierung aller gesellschaftlichen Bereiche sind enorme Ver\u00e4nderungen in der Arbeitswelt sowie im Bildungsbereich verbunden. Auf welche Arbeits- und Lebenswelt m\u00fcssen Lehrkr\u00e4fte Sch\u00fclerinnen und Sch\u00fcler vorbereiten? Welche Chancen und Risiken birgt die Digitalisierung in Bezug auf Bildungskonzepte, Arbeitsinhalte, Arbeitsbedingungen und Besch\u00e4ftigungsformen? Wer wird k\u00fcnftig \u00fcberhaupt noch gebraucht? Welche Qualifikationen und Kompetenzen werden ben\u00f6tigt? Wie bilden Betriebe f\u00fcr diese Arbeitswelt aus? Was bedeuten die Ver\u00e4nderungen f\u00fcr die schulische Berufsbildung, Berufsorientierung und Medienbildung? Wie k\u00f6nnen Sch\u00fcler*innen und Auszubildende dazu bef\u00e4higt werden, ihre Berufsbiografie zu gestalten und in der digitalen Arbeitswelt ihre Interessen zu vertreten?<br \/>\nDiese und andere Fragen sollen im Seminar sowie im Gespr\u00e4ch mit gewerkschaftlichen und betrieblichen Expert*innen bearbeitet werden. In einem Betrieb der Metallindustrie haben die Teilnehmer*innen die M\u00f6glichkeit, die Arbeits- und Ausbildungsbedingungen und deren Ver\u00e4nderung durch die Digitalisierung zu erkunden. Die Seminarinhalte und die Erkenntnisse aus dem Betriebsbesuch werden im Hinblick auf den Transfer in die eigene Arbeit als Lehrkraft sowie in die Gestaltung von Schule und Unterricht reflektiert.<\/p>\n<p>Kontakt:<\/p>\n<p>\u2022 Martina Schmerr, &#x4d;&#x61;&#114;ti&#x6e;&#x61;&#46;&#83;c&#x68;&#x6d;&#101;&#114;r&#x40;&#x67;&#x65;&#119;&#46;d&#x65;<br \/>\n\u2022 Anke Muth, &#x41;&#x6e;&#107;&#101;&#46;&#x6d;&#x75;&#x74;&#104;&#64;i&#x67;&#x6d;&#x65;&#116;&#97;l&#x6c;&#x2e;&#x64;&#101;<br \/>\n\u2022 Alexandra Schlie\u00dfinger, Alex&#97;&#110;&#100;&#114;&#97;&#x2e;&#x73;&#x63;&#x68;&#x6c;&#x69;&#x65;ssin&#103;&#101;&#114;&#64;&#105;&#x67;&#x6d;&#x65;&#x74;&#x61;&#x6c;&#x6c;&#x2e;de (Organisation)<br \/>\nKosten: Die Seminarkosten f\u00fcr Gewerkschaftsmitglieder werden \u00fcbernommen. Reisekosten sind selbst zu tragen.<\/p>\n","protected":false},"excerpt":{"rendered":"<p>Bundesweite Fortbildung f\u00fcr Lehrerinnen und Lehrer der allgemein- und berufsbildenden Schulen 22.05. &#8211; 24.05.2019 IG Metall Bildungsst\u00e4tte Berlin Mit der zunehmenden Digitalisierung aller gesellschaftlichen Bereiche sind enorme Ver\u00e4nderungen in der Arbeitswelt sowie im Bildungsbereich verbunden. Auf welche Arbeits- und Lebenswelt m\u00fcssen Lehrkr\u00e4fte Sch\u00fclerinnen und Sch\u00fcler vorbereiten? Welche Chancen und Risiken birgt die Digitalisierung in Bezug<\/p><\/div>\n<div class=\"blog-btn\"><a href=\"https:\/\/gew-unterfranken.de\/?p=464\" class=\"home-blog-btn\">Weiterlesen<\/a><\/p>\n","protected":false},"author":2,"featured_media":465,"comment_status":"closed","ping_status":"closed","sticky":false,"template":"","format":"standard","meta":[],"categories":[19,24,15],"tags":[36],"_links":{"self":[{"href":"https:\/\/gew-unterfranken.de\/index.php?rest_route=\/wp\/v2\/posts\/464"}],"collection":[{"href":"https:\/\/gew-unterfranken.de\/index.php?rest_route=\/wp\/v2\/posts"}],"about":[{"href":"https:\/\/gew-unterfranken.de\/index.php?rest_route=\/wp\/v2\/types\/post"}],"author":[{"embeddable":true,"href":"https:\/\/gew-unterfranken.de\/index.php?rest_route=\/wp\/v2\/users\/2"}],"replies":[{"embeddable":true,"href":"https:\/\/gew-unterfranken.de\/index.php?rest_route=%2Fwp%2Fv2%2Fcomments&post=464"}],"version-history":[{"count":1,"href":"https:\/\/gew-unterfranken.de\/index.php?rest_route=\/wp\/v2\/posts\/464\/revisions"}],"predecessor-version":[{"id":466,"href":"https:\/\/gew-unterfranken.de\/index.php?rest_route=\/wp\/v2\/posts\/464\/revisions\/466"}],"wp:featuredmedia":[{"embeddable":true,"href":"https:\/\/gew-unterfranken.de\/index.php?rest_route=\/wp\/v2\/media\/465"}],"wp:attachment":[{"href":"https:\/\/gew-unterfranken.de\/index.php?rest_route=%2Fwp%2Fv2%2Fmedia&parent=464"}],"wp:term":[{"taxonomy":"category","embeddable":true,"href":"https:\/\/gew-unterfranken.de\/index.php?rest_route=%2Fwp%2Fv2%2Fcategories&post=464"},{"taxonomy":"post_tag","embeddable":true,"href":"https:\/\/gew-unterfranken.de\/index.php?rest_route=%2Fwp%2Fv2%2Ftags&post=464"}],"curies":[{"name":"wp","href":"https:\/\/api.w.org\/{rel}","templated":true}]}}