{"id":448,"date":"2019-01-29T11:06:36","date_gmt":"2019-01-29T11:06:36","guid":{"rendered":"http:\/\/gew-unterfranken.de\/?p=448"},"modified":"2019-02-20T11:15:30","modified_gmt":"2019-02-20T11:15:30","slug":"knariks-stuhl-bleibt-leer","status":"publish","type":"post","link":"https:\/\/gew-unterfranken.de\/?p=448","title":{"rendered":"Knariks Stuhl bleibt leer"},"content":{"rendered":"<p><strong>GEW kritisiert drei Abschiebungen in zwei Wochen an unterfr\u00e4nkischer Schule<\/strong><\/p>\n<p>Da kommt man als Lehrkraft in die Klasse, in der man seit sechs Monaten lehrt, vereint lernt, gemeinsam Hindernisse \u00fcberwindet, um Erfolge ringt. Und dann am Donnerstag Morgen das: Der Stuhl der Sch\u00fclerin Knarik ist leer. Und er bleibt leer. Knarik ist nach Armenien abgeschoben worden. Morgens um sechs kommen die Beamten unangek\u00fcndigt in die Unterkunft, nehmen die Tochter und die Mutter mit. Die Tochter wird nach Armenien abgeschoben, die Mutter nach Georgien. Das M\u00e4dchen stand noch dazu kurz vor einer Operation. Die Klasse ist fassungslos, die Lehrkraft w\u00fctend, der Schulleiter hilflos: keiner wusste davon.<\/p>\n<p>Knarik ist die dritte Asylsuchende, die innerhalb zweier Wochen von der Schulbank an der Fachoberschule Marktheidenfeld weg in ein fernes Land verschoben wurde, bei Nacht und Nebel, wie Diebesgut. Zudem wurde der Schutz der Familie durch diese Abschiebung grob missachtet (Art. 6 GG). \u201eDie W\u00fcrde des Menschen ist unantastbar (Art.1 GG),\u201c sagt der Gesch\u00e4ftsf\u00fchrer der GEW Unterfranken, J\u00f6rg Nellen. \u201eDie Grunds\u00e4tze des unverletzlichen und unver\u00e4u\u00dferlichen Verfassungskerns bringen wir allen Sch\u00fclerinnen und Sch\u00fclern als erstes bei.\u201c Das Grundgesetz ist h\u00f6herrangig als jedes Aufenthaltsgesetz. Das Aufenthaltsgesetz von 2017 schafft ausdr\u00fccklich einen Ermessensspielraum, wenn &#8222;wenn dringende humanit\u00e4re oder pers\u00f6nliche Gr\u00fcnde oder erhebliche \u00f6ffentliche Interessen seine vor\u00fcbergehende weitere Anwesenheit im Bundesgebiet erfordern&#8220; (\u00a7 60a Abs. 2 S. 3 AufenthG). Alle Bundesl\u00e4nder sehen das so, nur Bayern schiebt ab.<\/p>\n<p>&#8222;Was ist dringender und pers\u00f6nlicher als Ausbildung, als Qualifikation, als Anstrengungsbereitschaft?\u201c fragt Nellen. &#8222;Ausbilden statt Abschieben ist unser Auftrag, alles andere ist unanst\u00e4ndig&#8220;. Die Bildungsgewerkschaft GEW hat in einer Unterschriftenaktion sich deutlich gegen pauschale Abschiebungen aus Schulen ausgesprochen: &#8222;Wir Lehrkr\u00e4fte sind keine Abschiebehelfer!\u201c (https:\/\/www.gew-bayern.de\/aktuelles\/detailseite\/neuigkeiten\/praesentation-unterschriftensammlung-lehrkraefte-sind-keine-abschiebehelferinnen\/ ; siehe unter meiner Unterschrift). 1500 Unterschriften unterst\u00fctzten den Aufruf 2018 innerhalb weniger Wochen.<\/p>\n<p>Knariks Stuhl bleibt leer. &#8222;Wir werden daf\u00fcr streiten, dass nicht noch mehr qualifizierte, motivierte, integrierte Menschen aus ihrem Leben mit Zukunft gerissen werden&#8220;, so Nellen. Die GEW fordert Kultusminister Prof. Dr. Michael Piazzolo auf, den ihm anvertrauten Sch\u00fclerinnen und Sch\u00fcler &#8211; und ihren Lehrkr\u00e4ften &#8211; den verfassungsgem\u00e4\u00dfen Schutz angedeihen zu lassen.<\/p>\n","protected":false},"excerpt":{"rendered":"<p>GEW kritisiert drei Abschiebungen in zwei Wochen an unterfr\u00e4nkischer Schule Da kommt man als Lehrkraft in die Klasse, in der man seit sechs Monaten lehrt, vereint lernt, gemeinsam Hindernisse \u00fcberwindet, um Erfolge ringt. Und dann am Donnerstag Morgen das: Der Stuhl der Sch\u00fclerin Knarik ist leer. Und er bleibt leer. Knarik ist nach Armenien abgeschoben<\/p><\/div>\n<div class=\"blog-btn\"><a href=\"https:\/\/gew-unterfranken.de\/?p=448\" class=\"home-blog-btn\">Weiterlesen<\/a><\/p>\n","protected":false},"author":2,"featured_media":449,"comment_status":"closed","ping_status":"closed","sticky":false,"template":"","format":"standard","meta":[],"categories":[14,24,25,15],"tags":[37,4,26,7],"_links":{"self":[{"href":"https:\/\/gew-unterfranken.de\/index.php?rest_route=\/wp\/v2\/posts\/448"}],"collection":[{"href":"https:\/\/gew-unterfranken.de\/index.php?rest_route=\/wp\/v2\/posts"}],"about":[{"href":"https:\/\/gew-unterfranken.de\/index.php?rest_route=\/wp\/v2\/types\/post"}],"author":[{"embeddable":true,"href":"https:\/\/gew-unterfranken.de\/index.php?rest_route=\/wp\/v2\/users\/2"}],"replies":[{"embeddable":true,"href":"https:\/\/gew-unterfranken.de\/index.php?rest_route=%2Fwp%2Fv2%2Fcomments&post=448"}],"version-history":[{"count":1,"href":"https:\/\/gew-unterfranken.de\/index.php?rest_route=\/wp\/v2\/posts\/448\/revisions"}],"predecessor-version":[{"id":450,"href":"https:\/\/gew-unterfranken.de\/index.php?rest_route=\/wp\/v2\/posts\/448\/revisions\/450"}],"wp:featuredmedia":[{"embeddable":true,"href":"https:\/\/gew-unterfranken.de\/index.php?rest_route=\/wp\/v2\/media\/449"}],"wp:attachment":[{"href":"https:\/\/gew-unterfranken.de\/index.php?rest_route=%2Fwp%2Fv2%2Fmedia&parent=448"}],"wp:term":[{"taxonomy":"category","embeddable":true,"href":"https:\/\/gew-unterfranken.de\/index.php?rest_route=%2Fwp%2Fv2%2Fcategories&post=448"},{"taxonomy":"post_tag","embeddable":true,"href":"https:\/\/gew-unterfranken.de\/index.php?rest_route=%2Fwp%2Fv2%2Ftags&post=448"}],"curies":[{"name":"wp","href":"https:\/\/api.w.org\/{rel}","templated":true}]}}