{"id":4415,"date":"2020-02-14T10:54:54","date_gmt":"2020-02-14T10:54:54","guid":{"rendered":"http:\/\/gew-unterfranken.de\/?p=4415"},"modified":"2020-02-14T10:56:46","modified_gmt":"2020-02-14T10:56:46","slug":"8-maerz-frauentag-gew-ab-mil-laedt-zum-matinee-ein","status":"publish","type":"post","link":"https:\/\/gew-unterfranken.de\/?p=4415","title":{"rendered":"8. M\u00e4rz Frauentag: GEW AB-MIL l\u00e4dt zur Matinee ein"},"content":{"rendered":"\n<p>Unter dem Titel &#8222;Frauen machen Care-Arbeit &#8211; M\u00e4nner machen Karriere?&#8220; l\u00e4dt das Aschaffenburger Frauenhearing, in dem Die GEW vertreten ist, f\u00fcr den 8. M\u00e4rz, 11.00 Uhr zur Sontags-Matinee ein , Eintritt frei. Im Saal der Volkshochschule Aschaffenburg (Luitpoltstra\u00dfe 2) wird es einen Vortrag zum Thema von Dr. Birgit Happel geben, danach darf diskutiert werden.<\/p>\n\n\n\n<p>Frauen sind besser ausgebildet denn je. Gleichzeitig \u00fcbernehmen sie einen gro\u00dfen Teil der unbezahlten Haus-, Erziehungs- und Pflegearbeit. Als Berufst\u00e4tige sind sie \u00fcberdurchschnittlich oft in Teilzeit besch\u00e4ftigt oder suchen nach einer unterbrochenen Erwerbsbiografie einen ad\u00e4quaten beruflichen Anschluss. Von wirtschaftlicher Unabh\u00e4ngigkeit k\u00f6nnen viele nur tr\u00e4umen.<\/p>\n\n\n\n<p>Die Veranstalterinnen wollen auf ihrer Matinee \u00fcber den Status Quo, die Rollenverteilung und das Geld der Frauen diskutieren. M\u00e4nner und Frauen sind eingeladen miteinander ins Gespr\u00e4ch zu kommen und ihre Zukunftsvorsorge zu st\u00e4rken.<\/p>\n\n\n\n<div class=\"wp-block-file\"><a href=\"https:\/\/gew-unterfranken.de\/wp-content\/uploads\/2020\/02\/Internationaler_Frauentag_2020_seite1.pdf\">Internationaler_Frauentag_2020_seite1<\/a><a href=\"https:\/\/gew-unterfranken.de\/wp-content\/uploads\/2020\/02\/Internationaler_Frauentag_2020_seite1.pdf\" class=\"wp-block-file__button\" download>Herunterladen<\/a><\/div>\n\n\n\n<div class=\"wp-block-file\"><a href=\"https:\/\/gew-unterfranken.de\/wp-content\/uploads\/2020\/02\/Internationaler_Frauentag_2020_seite2.pdf\">Internationaler_Frauentag_2020_seite2<\/a><a href=\"https:\/\/gew-unterfranken.de\/wp-content\/uploads\/2020\/02\/Internationaler_Frauentag_2020_seite2.pdf\" class=\"wp-block-file__button\" download>Herunterladen<\/a><\/div>\n","protected":false},"excerpt":{"rendered":"<p>Unter dem Titel &#8222;Frauen machen Care-Arbeit &#8211; M\u00e4nner machen Karriere?&#8220; l\u00e4dt das Aschaffenburger Frauenhearing, in dem Die GEW vertreten ist, f\u00fcr den 8. M\u00e4rz, 11.00 Uhr zur Sontags-Matinee ein , Eintritt frei. Im Saal der Volkshochschule Aschaffenburg (Luitpoltstra\u00dfe 2) wird es einen Vortrag zum Thema von Dr. Birgit Happel geben, danach darf diskutiert werden. Frauen<\/p><\/div>\n<div class=\"blog-btn\"><a href=\"https:\/\/gew-unterfranken.de\/?p=4415\" class=\"home-blog-btn\">Weiterlesen<\/a><\/p>\n","protected":false},"author":2,"featured_media":4418,"comment_status":"closed","ping_status":"closed","sticky":false,"template":"","format":"standard","meta":[],"categories":[13,24],"tags":[30],"_links":{"self":[{"href":"https:\/\/gew-unterfranken.de\/index.php?rest_route=\/wp\/v2\/posts\/4415"}],"collection":[{"href":"https:\/\/gew-unterfranken.de\/index.php?rest_route=\/wp\/v2\/posts"}],"about":[{"href":"https:\/\/gew-unterfranken.de\/index.php?rest_route=\/wp\/v2\/types\/post"}],"author":[{"embeddable":true,"href":"https:\/\/gew-unterfranken.de\/index.php?rest_route=\/wp\/v2\/users\/2"}],"replies":[{"embeddable":true,"href":"https:\/\/gew-unterfranken.de\/index.php?rest_route=%2Fwp%2Fv2%2Fcomments&post=4415"}],"version-history":[{"count":2,"href":"https:\/\/gew-unterfranken.de\/index.php?rest_route=\/wp\/v2\/posts\/4415\/revisions"}],"predecessor-version":[{"id":4420,"href":"https:\/\/gew-unterfranken.de\/index.php?rest_route=\/wp\/v2\/posts\/4415\/revisions\/4420"}],"wp:featuredmedia":[{"embeddable":true,"href":"https:\/\/gew-unterfranken.de\/index.php?rest_route=\/wp\/v2\/media\/4418"}],"wp:attachment":[{"href":"https:\/\/gew-unterfranken.de\/index.php?rest_route=%2Fwp%2Fv2%2Fmedia&parent=4415"}],"wp:term":[{"taxonomy":"category","embeddable":true,"href":"https:\/\/gew-unterfranken.de\/index.php?rest_route=%2Fwp%2Fv2%2Fcategories&post=4415"},{"taxonomy":"post_tag","embeddable":true,"href":"https:\/\/gew-unterfranken.de\/index.php?rest_route=%2Fwp%2Fv2%2Ftags&post=4415"}],"curies":[{"name":"wp","href":"https:\/\/api.w.org\/{rel}","templated":true}]}}