{"id":4401,"date":"2020-02-14T10:24:46","date_gmt":"2020-02-14T10:24:46","guid":{"rendered":"http:\/\/gew-unterfranken.de\/?p=4401"},"modified":"2020-02-14T10:56:04","modified_gmt":"2020-02-14T10:56:04","slug":"piazolo-paket-46-000-unterschreiben-protest","status":"publish","type":"post","link":"https:\/\/gew-unterfranken.de\/?p=4401","title":{"rendered":"Piazolo-Paket: 46.000 unterschreiben Protest"},"content":{"rendered":"\n<p><strong>Erfolgreiche Online-Petition aus Unterfranken<\/strong><\/p>\n\n\n\n<p> Die GEW Unterfranken unterst\u00fctzt die Online-Petition  <em><a rel=\"noreferrer noopener\" href=\"http:\/\/chng.it\/d55hCrGLhY\" target=\"_blank\">Gegen die Neuregelung der Arbeitsbedingungen f\u00fcr Grund-\/Mittelschullehrer*innen in Bayern<\/a>!<\/em>, die sich gegen das Piazolo-Paket, die engagierte Grundschullehrerinnen aus Unterfranken initiiert haben:<\/p>\n\n\n\n<p>Nach  den Winterferien erwischte Kultusminister Piazolo die Kolleg*innen in  Grund-, Mittel- und F\u00f6rderschulen eiskalt: Erh\u00f6hung der Mindestteilzeit,  Abschaffung der Sabbatmodelle, Erh\u00f6hung der Altersgrenze f\u00fcr  Antragsruhestand und Mehrarbeit f\u00fcr alle in der Grundschule  (Arbeitszeitkonto) sollen dem Lehrkr\u00e4ftemangel begegnen. Diesen stellen  die Initiatorinnen der Onlinepetition <em><a href=\"http:\/\/chng.it\/d55hCrGLhY\" target=\"_blank\" rel=\"noreferrer noopener\" aria-label=\"Gegen die Neuregelung der Arbeitsbedingungen f\u00fcr Grund-\/Mittelschullehrer*innen in Bayern (\u00f6ffnet in neuem Tab)\">Gegen die Neuregelung der Arbeitsbedingungen f\u00fcr Grund-\/Mittelschullehrer*innen in Bayern<\/a>!<\/em><a class=\"\" href=\"http:\/\/chng.it\/d55hCrGLhY\"> <\/a>gar  nicht in Frage: \u201eSeit Jahren leisten wir wegen fehlender Lehrkr\u00e4fte  Mehrarbeit, trauen uns nicht krank zu werden, werfen Klassen und Kurse  zusammen und arbeiten am Limit mit den zus\u00e4tzlichen  Verwaltungsaufgaben.\u201c Andere sehen das offensichtlich ebenso. \u201eDer Unmut  ist riesengro\u00df.\u201c<\/p>\n\n\n\n<p>Die Petitionin sammelte in \neinem Monat 46.000 Unterschriften mit Klarnamen. Alle drei \nInitiatorinnen sind Grundschullehrkr\u00e4fte aus Unterfranken. \u201eWir sind vom\n Erfolg \u00fcberw\u00e4ltigt\u201c, sagen sie. \u201eDas zeigt aber auch, wie gro\u00df der \nUnmut der Kolleg*innen, Eltern und Unterst\u00fctze*innen ist.\u201c Ihr n\u00e4chstes \nZiel sind 50.000 Unterschriften. \u201eDie erwarten wir diese Woche.\u201c<br class=\"\"><\/p>\n","protected":false},"excerpt":{"rendered":"<p>Erfolgreiche Online-Petition aus Unterfranken Die GEW Unterfranken unterst\u00fctzt die Online-Petition Gegen die Neuregelung der Arbeitsbedingungen f\u00fcr Grund-\/Mittelschullehrer*innen in Bayern!, die sich gegen das Piazolo-Paket, die engagierte Grundschullehrerinnen aus Unterfranken initiiert haben: Nach den Winterferien erwischte Kultusminister Piazolo die Kolleg*innen in Grund-, Mittel- und F\u00f6rderschulen eiskalt: Erh\u00f6hung der Mindestteilzeit, Abschaffung der Sabbatmodelle, Erh\u00f6hung der Altersgrenze f\u00fcr<\/p><\/div>\n<div class=\"blog-btn\"><a href=\"https:\/\/gew-unterfranken.de\/?p=4401\" class=\"home-blog-btn\">Weiterlesen<\/a><\/p>\n","protected":false},"author":2,"featured_media":4402,"comment_status":"closed","ping_status":"closed","sticky":false,"template":"","format":"standard","meta":[],"categories":[24,25,15],"tags":[7],"_links":{"self":[{"href":"https:\/\/gew-unterfranken.de\/index.php?rest_route=\/wp\/v2\/posts\/4401"}],"collection":[{"href":"https:\/\/gew-unterfranken.de\/index.php?rest_route=\/wp\/v2\/posts"}],"about":[{"href":"https:\/\/gew-unterfranken.de\/index.php?rest_route=\/wp\/v2\/types\/post"}],"author":[{"embeddable":true,"href":"https:\/\/gew-unterfranken.de\/index.php?rest_route=\/wp\/v2\/users\/2"}],"replies":[{"embeddable":true,"href":"https:\/\/gew-unterfranken.de\/index.php?rest_route=%2Fwp%2Fv2%2Fcomments&post=4401"}],"version-history":[{"count":1,"href":"https:\/\/gew-unterfranken.de\/index.php?rest_route=\/wp\/v2\/posts\/4401\/revisions"}],"predecessor-version":[{"id":4403,"href":"https:\/\/gew-unterfranken.de\/index.php?rest_route=\/wp\/v2\/posts\/4401\/revisions\/4403"}],"wp:featuredmedia":[{"embeddable":true,"href":"https:\/\/gew-unterfranken.de\/index.php?rest_route=\/wp\/v2\/media\/4402"}],"wp:attachment":[{"href":"https:\/\/gew-unterfranken.de\/index.php?rest_route=%2Fwp%2Fv2%2Fmedia&parent=4401"}],"wp:term":[{"taxonomy":"category","embeddable":true,"href":"https:\/\/gew-unterfranken.de\/index.php?rest_route=%2Fwp%2Fv2%2Fcategories&post=4401"},{"taxonomy":"post_tag","embeddable":true,"href":"https:\/\/gew-unterfranken.de\/index.php?rest_route=%2Fwp%2Fv2%2Ftags&post=4401"}],"curies":[{"name":"wp","href":"https:\/\/api.w.org\/{rel}","templated":true}]}}