{"id":424,"date":"2018-12-03T18:08:18","date_gmt":"2018-12-03T18:08:18","guid":{"rendered":"http:\/\/gew-unterfranken.de\/?p=424"},"modified":"2018-12-03T18:25:09","modified_gmt":"2018-12-03T18:25:09","slug":"gew-bildung-statt-aufruestung","status":"publish","type":"post","link":"https:\/\/gew-unterfranken.de\/?p=424","title":{"rendered":"GEW: &#8222;Bildung statt Aufr\u00fcstung!&#8220;"},"content":{"rendered":"<p>Die Bundesvorsitzende Marlis Tepe sprach auf dem Er\u00f6ffnungspodium des 25. Kasseler Friedensratschlags zum Thema &#8222;Die Gewerkschaftsbewegung im Kampf f\u00fcr Frieden und Abr\u00fcstung&#8220; und rief dazu auf, den Aufruf &#8222;Abr\u00fcsten statt aufr\u00fcsten!&#8220; noch kr\u00e4ftiger zu unterst\u00fctzen.<\/p>\n<p><a class=\"download\" title=\"Initiates file download\" href=\"https:\/\/www.attac-netzwerk.de\/fileadmin\/user_upload\/Gruppen\/Aschaffenburg\/dokumente\/MarlisTepe20181201.mp3\" target=\"_blank\">&#8222;Bildung statt Aufr\u00fcstung!&#8220;, Marlis Tepe, Bundesvorsitzende der GEW, auf dem Er\u00f6ffnungspodium (mp3)<\/a><\/p>\n<p><a href=\"https:\/\/abruesten.jetzt\"target=\"_blank\" rel=\"noopener\">Aufruf &#8222;abr\u00fcsten statt aufr\u00fcsten&#8220;<\/a><\/p>\n<p><a href=\"http:\/\/www.friedensratschlag.de\" target=\"_blank\" rel=\"noopener\"> Kasseler Friedensratschlag <\/a><\/p>\n","protected":false},"excerpt":{"rendered":"<p>Die Bundesvorsitzende Marlis Tepe sprach auf dem Er\u00f6ffnungspodium des 25. Kasseler Friedensratschlags zum Thema &#8222;Die Gewerkschaftsbewegung im Kampf f\u00fcr Frieden und Abr\u00fcstung&#8220; und rief dazu auf, den Aufruf &#8222;Abr\u00fcsten statt aufr\u00fcsten!&#8220; noch kr\u00e4ftiger zu unterst\u00fctzen. &#8222;Bildung statt Aufr\u00fcstung!&#8220;, Marlis Tepe, Bundesvorsitzende der GEW, auf dem Er\u00f6ffnungspodium (mp3) Aufruf &#8222;abr\u00fcsten statt aufr\u00fcsten&#8220; Kasseler Friedensratschlag<\/p>\n","protected":false},"author":2,"featured_media":428,"comment_status":"closed","ping_status":"closed","sticky":false,"template":"","format":"standard","meta":[],"categories":[24],"tags":[34],"_links":{"self":[{"href":"https:\/\/gew-unterfranken.de\/index.php?rest_route=\/wp\/v2\/posts\/424"}],"collection":[{"href":"https:\/\/gew-unterfranken.de\/index.php?rest_route=\/wp\/v2\/posts"}],"about":[{"href":"https:\/\/gew-unterfranken.de\/index.php?rest_route=\/wp\/v2\/types\/post"}],"author":[{"embeddable":true,"href":"https:\/\/gew-unterfranken.de\/index.php?rest_route=\/wp\/v2\/users\/2"}],"replies":[{"embeddable":true,"href":"https:\/\/gew-unterfranken.de\/index.php?rest_route=%2Fwp%2Fv2%2Fcomments&post=424"}],"version-history":[{"count":7,"href":"https:\/\/gew-unterfranken.de\/index.php?rest_route=\/wp\/v2\/posts\/424\/revisions"}],"predecessor-version":[{"id":434,"href":"https:\/\/gew-unterfranken.de\/index.php?rest_route=\/wp\/v2\/posts\/424\/revisions\/434"}],"wp:featuredmedia":[{"embeddable":true,"href":"https:\/\/gew-unterfranken.de\/index.php?rest_route=\/wp\/v2\/media\/428"}],"wp:attachment":[{"href":"https:\/\/gew-unterfranken.de\/index.php?rest_route=%2Fwp%2Fv2%2Fmedia&parent=424"}],"wp:term":[{"taxonomy":"category","embeddable":true,"href":"https:\/\/gew-unterfranken.de\/index.php?rest_route=%2Fwp%2Fv2%2Fcategories&post=424"},{"taxonomy":"post_tag","embeddable":true,"href":"https:\/\/gew-unterfranken.de\/index.php?rest_route=%2Fwp%2Fv2%2Ftags&post=424"}],"curies":[{"name":"wp","href":"https:\/\/api.w.org\/{rel}","templated":true}]}}