{"id":40854,"date":"2022-06-27T15:39:16","date_gmt":"2022-06-27T15:39:16","guid":{"rendered":"http:\/\/gew-unterfranken.de\/?p=40854"},"modified":"2022-06-29T15:42:30","modified_gmt":"2022-06-29T15:42:30","slug":"fuer-gute-arbeit-im-bildungsbereich-und-eine-offene-gesellschaft","status":"publish","type":"post","link":"https:\/\/gew-unterfranken.de\/?p=40854","title":{"rendered":"F\u00fcr gute Arbeit im Bildungsbereich und eine offene Gesellschaft"},"content":{"rendered":"\n<p><strong>Neuer Vorstand der GEW Unterfranken gew\u00e4hlt<\/strong><br>Im Kulturhaus \u201eAlte Synagoge\u201c in Kitzingen fanden am Samstag, 25.6.2022, die Vorstandswahlen der Gewerkschaft Erziehung und Wissenschaft (GEW) Unterfranken statt. Mit langanhaltendem Applaus wurden zun\u00e4chst J\u00f6rg Nellen, bisher langj\u00e4hriger Gesch\u00e4ftsf\u00fchrer der GEW Unterfranken und Brigit Gr\u00e4f, ebenso langj\u00e4hrige Schatzmeisterin, verabschiedet \u2013 sie traten bei den Wahlen nicht mehr an.<br>Die bisherige kommissarische Vorsitzende Monika Hartl wird k\u00fcnftig unterst\u00fctzt von Gesch\u00e4ftsf\u00fchrer Florian K\u00f6ppel, Schatzmeister Oliver Glockmann und \u00d6ffentlichkeitsreferent Tino Haaf-Sch\u00f6n. Die Aufgaben, denen sich der neue Vorstand und die gesamte Bildungsgewerkschaft stellen m\u00fcssen, sind immens: Der Fachkr\u00e4ftemangel an den Schulen und Kindertagesst\u00e4tten ist bereits heute un\u00fcbersehbar und wird sich in den kommenden Jahren weiter versch\u00e4rfen. In der Erwachsenenbildung und den Universit\u00e4ten gilt es befristeten Stellen und unfairen Bezahlmodellen<br>den Kampf anzusagen. Gesellschaftlich gilt es soziale Ungerechtigkeit weiterhin klar zu kritisieren und f\u00fcr Offenheit und Toleranz einzutreten. \u201eDer Kampf gegen Rechts bleibt ein wichtiges Anliegen\u201c, so die Vorsitzende Monika Hartl.<br>Bildunterschrift: Das neue F\u00fchrungsteam der GEW Unterfranken (v.l.n.r.): Moni Hartl, Vorsitzende, Oliver Glockmann, Henning Albrecht, interkulturelle Kommunikation, Isabelle Sch\u00f6n, \u00d6ffentlichkeitsarbeit Internet, Florian K\u00f6ppel, Gesch\u00e4ftsf\u00fchrung. <\/p>\n","protected":false},"excerpt":{"rendered":"<p>Neuer Vorstand der GEW Unterfranken gew\u00e4hltIm Kulturhaus \u201eAlte Synagoge\u201c in Kitzingen fanden am Samstag, 25.6.2022, die Vorstandswahlen der Gewerkschaft Erziehung und Wissenschaft (GEW) Unterfranken statt. Mit langanhaltendem Applaus wurden zun\u00e4chst J\u00f6rg Nellen, bisher langj\u00e4hriger Gesch\u00e4ftsf\u00fchrer der GEW Unterfranken und Brigit Gr\u00e4f, ebenso langj\u00e4hrige Schatzmeisterin, verabschiedet \u2013 sie traten bei den Wahlen nicht mehr an.Die bisherige<\/p><\/div>\n<div class=\"blog-btn\"><a href=\"https:\/\/gew-unterfranken.de\/?p=40854\" class=\"home-blog-btn\">Weiterlesen<\/a><\/p>\n","protected":false},"author":2,"featured_media":40855,"comment_status":"closed","ping_status":"closed","sticky":false,"template":"","format":"standard","meta":[],"categories":[24],"tags":[],"_links":{"self":[{"href":"https:\/\/gew-unterfranken.de\/index.php?rest_route=\/wp\/v2\/posts\/40854"}],"collection":[{"href":"https:\/\/gew-unterfranken.de\/index.php?rest_route=\/wp\/v2\/posts"}],"about":[{"href":"https:\/\/gew-unterfranken.de\/index.php?rest_route=\/wp\/v2\/types\/post"}],"author":[{"embeddable":true,"href":"https:\/\/gew-unterfranken.de\/index.php?rest_route=\/wp\/v2\/users\/2"}],"replies":[{"embeddable":true,"href":"https:\/\/gew-unterfranken.de\/index.php?rest_route=%2Fwp%2Fv2%2Fcomments&post=40854"}],"version-history":[{"count":2,"href":"https:\/\/gew-unterfranken.de\/index.php?rest_route=\/wp\/v2\/posts\/40854\/revisions"}],"predecessor-version":[{"id":40857,"href":"https:\/\/gew-unterfranken.de\/index.php?rest_route=\/wp\/v2\/posts\/40854\/revisions\/40857"}],"wp:featuredmedia":[{"embeddable":true,"href":"https:\/\/gew-unterfranken.de\/index.php?rest_route=\/wp\/v2\/media\/40855"}],"wp:attachment":[{"href":"https:\/\/gew-unterfranken.de\/index.php?rest_route=%2Fwp%2Fv2%2Fmedia&parent=40854"}],"wp:term":[{"taxonomy":"category","embeddable":true,"href":"https:\/\/gew-unterfranken.de\/index.php?rest_route=%2Fwp%2Fv2%2Fcategories&post=40854"},{"taxonomy":"post_tag","embeddable":true,"href":"https:\/\/gew-unterfranken.de\/index.php?rest_route=%2Fwp%2Fv2%2Ftags&post=40854"}],"curies":[{"name":"wp","href":"https:\/\/api.w.org\/{rel}","templated":true}]}}