{"id":40850,"date":"2022-05-08T18:27:29","date_gmt":"2022-05-08T18:27:29","guid":{"rendered":"http:\/\/gew-unterfranken.de\/?p=40850"},"modified":"2022-05-09T18:29:27","modified_gmt":"2022-05-09T18:29:27","slug":"trotz-alledem-gew-begruesst-ausstellung-in-aschaffenburg","status":"publish","type":"post","link":"https:\/\/gew-unterfranken.de\/?p=40850","title":{"rendered":"\u201eTrotz alledem!\u201c \u2013 GEW begr\u00fc\u00dft Ausstellung in Aschaffenburg"},"content":{"rendered":"\n<p>Die Ausstellungs- und Veranstaltungsreihe \u201eTrotz Alledem!\u201c findet vom 02. Mai bis 03. Juni dieses Jahres in Aschaffenburg statt. Unter dem Thema des antifaschistischen Widerstands im Rhein-Main-Gebiet von 1933-1945 enth\u00e4lt die Ausstellung Linoldrucke von Thilo Weckm\u00fcller und Texte von Matthias Meyer, mit denen die Widerstandsk\u00e4mpfer*innen vorgestellt werden.<\/p>\n\n\n\n<p><a href=\"https:\/\/stadtarchiv-aschaffenburg.de\/trotzalledem\">https:\/\/stadtarchiv-aschaffenburg.de\/trotzalledem<\/a><\/p>\n\n\n\n<p>Das Projekt insgesamt in A\u2019burg ist unter anderem eine sch\u00f6ne W\u00fcrdigung f\u00fcr den Widerstandsk\u00e4mpfer Peter Gingold, der seine Geburtsstadt nie vergessen hat und noch bis ein Jahr vor seinem Tod gerne zu unseren Veranstaltungen kam. Jetzt w\u00fcnschen wir uns noch, dass die Stadt ihn auch in der Form w\u00fcrdigt, dass eine Tafel an seinem Geburtshaus in der Steingasse 27 angebracht wird, wie es die Kommunale Initiative (KI) schon 2016 beantragt hat.<\/p>\n\n\n\n<p>Weitere Infos zu Peter Gingold: <a rel=\"noreferrer noopener\" href=\"http:\/\/bgr-ab-mil.de\/?page_id=152\" target=\"_blank\">http:\/\/bgr-ab-mil.de\/?page_id=152<\/a><\/p>\n","protected":false},"excerpt":{"rendered":"<p>Die Ausstellungs- und Veranstaltungsreihe \u201eTrotz Alledem!\u201c findet vom 02. Mai bis 03. Juni dieses Jahres in Aschaffenburg statt. Unter dem Thema des antifaschistischen Widerstands im Rhein-Main-Gebiet von 1933-1945 enth\u00e4lt die Ausstellung Linoldrucke von Thilo Weckm\u00fcller und Texte von Matthias Meyer, mit denen die Widerstandsk\u00e4mpfer*innen vorgestellt werden. https:\/\/stadtarchiv-aschaffenburg.de\/trotzalledem Das Projekt insgesamt in A\u2019burg ist unter anderem<\/p><\/div>\n<div class=\"blog-btn\"><a href=\"https:\/\/gew-unterfranken.de\/?p=40850\" class=\"home-blog-btn\">Weiterlesen<\/a><\/p>\n","protected":false},"author":2,"featured_media":40851,"comment_status":"closed","ping_status":"closed","sticky":false,"template":"","format":"standard","meta":[],"categories":[13,28],"tags":[29],"_links":{"self":[{"href":"https:\/\/gew-unterfranken.de\/index.php?rest_route=\/wp\/v2\/posts\/40850"}],"collection":[{"href":"https:\/\/gew-unterfranken.de\/index.php?rest_route=\/wp\/v2\/posts"}],"about":[{"href":"https:\/\/gew-unterfranken.de\/index.php?rest_route=\/wp\/v2\/types\/post"}],"author":[{"embeddable":true,"href":"https:\/\/gew-unterfranken.de\/index.php?rest_route=\/wp\/v2\/users\/2"}],"replies":[{"embeddable":true,"href":"https:\/\/gew-unterfranken.de\/index.php?rest_route=%2Fwp%2Fv2%2Fcomments&post=40850"}],"version-history":[{"count":1,"href":"https:\/\/gew-unterfranken.de\/index.php?rest_route=\/wp\/v2\/posts\/40850\/revisions"}],"predecessor-version":[{"id":40852,"href":"https:\/\/gew-unterfranken.de\/index.php?rest_route=\/wp\/v2\/posts\/40850\/revisions\/40852"}],"wp:featuredmedia":[{"embeddable":true,"href":"https:\/\/gew-unterfranken.de\/index.php?rest_route=\/wp\/v2\/media\/40851"}],"wp:attachment":[{"href":"https:\/\/gew-unterfranken.de\/index.php?rest_route=%2Fwp%2Fv2%2Fmedia&parent=40850"}],"wp:term":[{"taxonomy":"category","embeddable":true,"href":"https:\/\/gew-unterfranken.de\/index.php?rest_route=%2Fwp%2Fv2%2Fcategories&post=40850"},{"taxonomy":"post_tag","embeddable":true,"href":"https:\/\/gew-unterfranken.de\/index.php?rest_route=%2Fwp%2Fv2%2Ftags&post=40850"}],"curies":[{"name":"wp","href":"https:\/\/api.w.org\/{rel}","templated":true}]}}