{"id":40811,"date":"2022-03-18T15:45:11","date_gmt":"2022-03-18T15:45:11","guid":{"rendered":"http:\/\/gew-unterfranken.de\/?p=40811"},"modified":"2022-03-18T15:45:11","modified_gmt":"2022-03-18T15:45:11","slug":"neuer-aufbruch-in-chile-jugend-in-bewegung","status":"publish","type":"post","link":"https:\/\/gew-unterfranken.de\/?p=40811","title":{"rendered":"Neuer Aufbruch in Chile &#8211; Jugend in Bewegung"},"content":{"rendered":"\n<p><strong>\u00dcberraschende Verbindungen zwischen W\u00fcrzburg und Chiles neuer Regierung<\/strong><\/p>\n\n\n\n<p><em>Bild oben: Die neue Pressesprecherin der chilenischen Regierung Boric, Camilla Vallejo (links), war vor 10 Jahren mit einer Studierendendelegation Gast bei der W\u00fcrzburger GEW.<\/em><\/p>\n\n\n\n<p>Unter dem Motto &#8222;Neuer Aufbruch in Chile &#8211; Jugend in Bewegung\u201c besuchte vor 10 Jahren eine Delegation von Studierenden aus Chile auf Einladung&nbsp;der Rosa-Luxemburg-Stiftung und der Bildungsgewerkschaft GEW W\u00fcrzburg zahlreiche St\u00e4dte in Deutschland. Am 21. Januar 2012 war&nbsp;der DGB W\u00fcrzburg Gastgeber einer Podiumsdiskussion im Studentenhaus.<\/p>\n\n\n\n<p>Angeprangert wurde Chile als Musterland des Neoliberalismus. Eindrucksvoll schilderten Camila&nbsp;Vallejo, kommunistische Studentenf\u00fchrerin, und ihr Mitstreiter die Situation in ihrer Heimat. Soziale&nbsp;Ungerechtigkeit, eine kranke Demokratie, gr\u00f6\u00dfte Unzufriedenheit in weiten Teilen der Bev\u00f6lkerung&nbsp;waren \u00fcberall zu sp\u00fcren. Bildung war nur f\u00fcr Privilegierte und zu einem hohen Preis erreichbar. Aber es&nbsp;herrschte Aufbruchstimmung. Ziviler Ungehorsam, Streiks und eine aufbegehrende Jugend bestimmten&nbsp;das Geschehen.&nbsp;<\/p>\n\n\n\n<!--more-->\n\n\n\n<p>Nach den Auftritten in Europa arbeiteten einige der Podiumsdiskutanten mit am Fortschritt in Chile &#8211;&nbsp;allen voran Camila Vallejo in verschiedenen Funktionen in der kommunistischen Partei und als&nbsp;Abgeordnete im Parlament. Seit dieser Woche ist sie Regierungssprecherin im Mitte-Links Kabinett des&nbsp;neuen Pr\u00e4sidenten Gabriel Boric.<\/p>\n\n\n\n<p><a href=\"http:\/\/gew-unterfranken.de\/wp-content\/uploads\/2022\/03\/120201_Camila-Vallejo-in-Wuerzburg.pdf\" target=\"_blank\" rel=\"noreferrer noopener\">PE des DGB, KV W\u00fcrzburg, 02.08.2011\u00a0(pdf)<\/a><\/p>\n","protected":false},"excerpt":{"rendered":"<p>\u00dcberraschende Verbindungen zwischen W\u00fcrzburg und Chiles neuer Regierung Bild oben: Die neue Pressesprecherin der chilenischen Regierung Boric, Camilla Vallejo (links), war vor 10 Jahren mit einer Studierendendelegation Gast bei der W\u00fcrzburger GEW. Unter dem Motto &#8222;Neuer Aufbruch in Chile &#8211; Jugend in Bewegung\u201c besuchte vor 10 Jahren eine Delegation von Studierenden aus Chile auf Einladung&nbsp;der<\/p><\/div>\n<div class=\"blog-btn\"><a href=\"https:\/\/gew-unterfranken.de\/?p=40811\" class=\"home-blog-btn\">Weiterlesen<\/a><\/p>\n","protected":false},"author":2,"featured_media":40812,"comment_status":"closed","ping_status":"closed","sticky":false,"template":"","format":"standard","meta":[],"categories":[24,25],"tags":[],"_links":{"self":[{"href":"https:\/\/gew-unterfranken.de\/index.php?rest_route=\/wp\/v2\/posts\/40811"}],"collection":[{"href":"https:\/\/gew-unterfranken.de\/index.php?rest_route=\/wp\/v2\/posts"}],"about":[{"href":"https:\/\/gew-unterfranken.de\/index.php?rest_route=\/wp\/v2\/types\/post"}],"author":[{"embeddable":true,"href":"https:\/\/gew-unterfranken.de\/index.php?rest_route=\/wp\/v2\/users\/2"}],"replies":[{"embeddable":true,"href":"https:\/\/gew-unterfranken.de\/index.php?rest_route=%2Fwp%2Fv2%2Fcomments&post=40811"}],"version-history":[{"count":2,"href":"https:\/\/gew-unterfranken.de\/index.php?rest_route=\/wp\/v2\/posts\/40811\/revisions"}],"predecessor-version":[{"id":40815,"href":"https:\/\/gew-unterfranken.de\/index.php?rest_route=\/wp\/v2\/posts\/40811\/revisions\/40815"}],"wp:featuredmedia":[{"embeddable":true,"href":"https:\/\/gew-unterfranken.de\/index.php?rest_route=\/wp\/v2\/media\/40812"}],"wp:attachment":[{"href":"https:\/\/gew-unterfranken.de\/index.php?rest_route=%2Fwp%2Fv2%2Fmedia&parent=40811"}],"wp:term":[{"taxonomy":"category","embeddable":true,"href":"https:\/\/gew-unterfranken.de\/index.php?rest_route=%2Fwp%2Fv2%2Fcategories&post=40811"},{"taxonomy":"post_tag","embeddable":true,"href":"https:\/\/gew-unterfranken.de\/index.php?rest_route=%2Fwp%2Fv2%2Ftags&post=40811"}],"curies":[{"name":"wp","href":"https:\/\/api.w.org\/{rel}","templated":true}]}}