{"id":40807,"date":"2022-03-11T15:21:45","date_gmt":"2022-03-11T15:21:45","guid":{"rendered":"http:\/\/gew-unterfranken.de\/?p=40807"},"modified":"2022-03-18T15:33:29","modified_gmt":"2022-03-18T15:33:29","slug":"post-aus-kiew","status":"publish","type":"post","link":"https:\/\/gew-unterfranken.de\/?p=40807","title":{"rendered":"Post aus Kiew"},"content":{"rendered":"\n<p class=\"has-text-align-right\">Deutsche Schule Kiew, 25. Februar 2022<\/p>\n\n\n\n<p>Liebe Kolleginnen und Kollegen, liebe Schulleiterinnen und Schulleiter,<\/p>\n\n\n\n<p>w\u00e4hrend des Verfassens dieses Briefes an Sie alle findet \u2013 so unwirklich sich dies anh\u00f6ren m\u00f6ge \u2013 die Schlacht um Kiew statt.<br>Am Morgen des 25. Februar wurden erste russische Milit\u00e4rfahrzeuge in einem an die DS Kiew angrenzenden Stadtviertel gesichtet.<br>Das Schreiben von Fr. Toledo des 25. Februar fasste die Lage im Land und die Beschaffenheit der DS Kiew ebenfalls zusammen. Wir sind geschlossen und versuchen mit allen Kr\u00e4ften unsere Belegschaft und Kinder in dieser Lage zu unterst\u00fctzen.<\/p>\n\n\n\n<!--more-->\n\n\n\n<p>Wer die Nachrichten verfolgt hat, wird bemerkt haben, dass sich eine riesige Fl\u00fcchtlingswelle gen Westen bewegt. Unter den Fl\u00fcchtlingen befinden sich auch einige unserer Kolleginnen und Kollegen,<br>Sch\u00fclerinnen und Sch\u00fcler, Familien der Schulgemeinde. Es erreichen uns u.a. Berichte von 14-j\u00e4hrigen, die von Bombeneinschl\u00e4gen berichten. Dass sie m\u00fcde sind, ersch\u00f6pft. Dass Sie Angst haben. Dass man morgen den Weg in den Westen antreten werde.<br>F\u00fcr die Angeh\u00f6rigen der DS Kiew m\u00f6chten wir daher ein Angebot an Unterk\u00fcnften bereitstellen.<br>Intern haben wir bereits einige Adressen zusammenf\u00fchren k\u00f6nnen und auch von au\u00dferhalb der Schulgemeinde erreichen uns Hilfsangebote.<br>Wir wissen diese Anteilnahme und Unterst\u00fctzung sehr zu sch\u00e4tzen.<br>Wir m\u00f6chten daher den Aufruf an Sie alle richten, sich bitte bei uns zu melden, falls Sie fl\u00fcchtenden Familien im Osten Europas eine Dacha, Ferienwohnung oder irgendeine andere Unterkunft bieten k\u00f6nnten.<br>Wir k\u00f6nnen von hier aus nicht sagen, ob und in welchem Ma\u00df das Angebot in Anspruch genommen werden wird, f\u00fchlen uns aber verpflichtet, alles zu versuchen um diesen Menschen zu helfen.<br>F\u00fcr Ihre Solidarit\u00e4t und Ihre Hilfsangebote w\u00e4ren wir Ihnen unendlich dankbar und m\u00f6chten uns bereits an dieser Stelle herzlich bei Ihnen bedanken.<br>Im Namen der gesamten Belegschaft der DS Kiew verbleiben wir in Dankbarkeit<br>Gerald Miebs \u2013 Schulleiter DS Kiew<br>Fabian von Reinsperg \u2013 PQM DS Kiew<\/p>\n\n\n\n<p><a href=\"http:\/\/gew-unterfranken.de\/wp-content\/uploads\/2022\/03\/Schreiben-Schule-Kiew220225.pdf\" target=\"_blank\" rel=\"noreferrer noopener\">pdf-Kopie des Original-Schreibens<\/a><br><\/p>\n","protected":false},"excerpt":{"rendered":"<p>Deutsche Schule Kiew, 25. Februar 2022 Liebe Kolleginnen und Kollegen, liebe Schulleiterinnen und Schulleiter, w\u00e4hrend des Verfassens dieses Briefes an Sie alle findet \u2013 so unwirklich sich dies anh\u00f6ren m\u00f6ge \u2013 die Schlacht um Kiew statt.Am Morgen des 25. Februar wurden erste russische Milit\u00e4rfahrzeuge in einem an die DS Kiew angrenzenden Stadtviertel gesichtet.Das Schreiben von<\/p><\/div>\n<div class=\"blog-btn\"><a href=\"https:\/\/gew-unterfranken.de\/?p=40807\" class=\"home-blog-btn\">Weiterlesen<\/a><\/p>\n","protected":false},"author":2,"featured_media":40809,"comment_status":"closed","ping_status":"closed","sticky":false,"template":"","format":"standard","meta":[],"categories":[24,15],"tags":[7],"_links":{"self":[{"href":"https:\/\/gew-unterfranken.de\/index.php?rest_route=\/wp\/v2\/posts\/40807"}],"collection":[{"href":"https:\/\/gew-unterfranken.de\/index.php?rest_route=\/wp\/v2\/posts"}],"about":[{"href":"https:\/\/gew-unterfranken.de\/index.php?rest_route=\/wp\/v2\/types\/post"}],"author":[{"embeddable":true,"href":"https:\/\/gew-unterfranken.de\/index.php?rest_route=\/wp\/v2\/users\/2"}],"replies":[{"embeddable":true,"href":"https:\/\/gew-unterfranken.de\/index.php?rest_route=%2Fwp%2Fv2%2Fcomments&post=40807"}],"version-history":[{"count":2,"href":"https:\/\/gew-unterfranken.de\/index.php?rest_route=\/wp\/v2\/posts\/40807\/revisions"}],"predecessor-version":[{"id":40810,"href":"https:\/\/gew-unterfranken.de\/index.php?rest_route=\/wp\/v2\/posts\/40807\/revisions\/40810"}],"wp:featuredmedia":[{"embeddable":true,"href":"https:\/\/gew-unterfranken.de\/index.php?rest_route=\/wp\/v2\/media\/40809"}],"wp:attachment":[{"href":"https:\/\/gew-unterfranken.de\/index.php?rest_route=%2Fwp%2Fv2%2Fmedia&parent=40807"}],"wp:term":[{"taxonomy":"category","embeddable":true,"href":"https:\/\/gew-unterfranken.de\/index.php?rest_route=%2Fwp%2Fv2%2Fcategories&post=40807"},{"taxonomy":"post_tag","embeddable":true,"href":"https:\/\/gew-unterfranken.de\/index.php?rest_route=%2Fwp%2Fv2%2Ftags&post=40807"}],"curies":[{"name":"wp","href":"https:\/\/api.w.org\/{rel}","templated":true}]}}