{"id":40797,"date":"2022-03-08T18:13:26","date_gmt":"2022-03-08T18:13:26","guid":{"rendered":"http:\/\/gew-unterfranken.de\/?p=40797"},"modified":"2022-03-08T18:45:14","modified_gmt":"2022-03-08T18:45:14","slug":"internationaler-frauentag-brot-und-rosen","status":"publish","type":"post","link":"https:\/\/gew-unterfranken.de\/?p=40797","title":{"rendered":"Internationaler Frauentag: &#8222;Brot und Rosen!&#8220;"},"content":{"rendered":"\n<p>Heute zum Weltfrauentag hat auch die GEW ihren Frauen Rosen \u00fcberreicht. In ausgew\u00e4hlten Betrieben dankte Renate Oehler (Mitglied im Bundesfrauenausschuss der GEW) den Frauen und erinnerte zugleich an die aktuelle Tarifrunde, in welcher gerade auch die Eingruppierung und eine gerechtere Bezahlung von allen im Sozial- und Erziehungsdienst t\u00e4tigen Frauen verhandelt wird. In der Comenius Schule und im JUKUZ sorgte die Rosenaktion f\u00fcr gro\u00dfe Freude. Monika Hartl, Vorsitzende der GEW dazu: \u201e<em>Wir brauchen einen Wandel und dieser ist weiblich! Von einer geschlechtergerechten Gesellschaft sind wir noch weit entfernt! Selbst im Bildungsbereich, der \u00fcberwiegend weiblich gepr\u00e4gt ist (zwischen 70 % an Schulen und deutlich \u00fcber 90% im vorschulischen Bereich), sind F\u00fchrungspositionen nur zu etwa 30% mit Frauen besetzt! Das muss sich&nbsp;\u00e4ndern!<\/em>\u201c<\/p>\n\n\n\n<figure class=\"wp-block-gallery columns-1 is-cropped\"><ul class=\"blocks-gallery-grid\"><li class=\"blocks-gallery-item\"><figure><img loading=\"lazy\" width=\"800\" height=\"656\" src=\"https:\/\/gew-unterfranken.de\/wp-content\/uploads\/2022\/03\/Rosenaktion_JUKUZ22.jpg\" alt=\"\" data-id=\"40799\" data-full-url=\"https:\/\/gew-unterfranken.de\/wp-content\/uploads\/2022\/03\/Rosenaktion_JUKUZ22.jpg\" data-link=\"https:\/\/gew-unterfranken.de\/?attachment_id=40799\" class=\"wp-image-40799\" srcset=\"https:\/\/gew-unterfranken.de\/wp-content\/uploads\/2022\/03\/Rosenaktion_JUKUZ22.jpg 800w, https:\/\/gew-unterfranken.de\/wp-content\/uploads\/2022\/03\/Rosenaktion_JUKUZ22-300x246.jpg 300w, https:\/\/gew-unterfranken.de\/wp-content\/uploads\/2022\/03\/Rosenaktion_JUKUZ22-768x630.jpg 768w\" sizes=\"(max-width: 800px) 100vw, 800px\" \/><\/figure><\/li><\/ul><\/figure>\n\n\n\n<p><a href=\"http:\/\/gew-unterfranken.de\/wp-content\/uploads\/2022\/03\/Aufruf-zum-Frauentag-2022.pdf\" target=\"_blank\" rel=\"noreferrer noopener\">Aufruf des Landesfrauenausschusses der GEW Bayern<\/a> (pdf)<\/p>\n","protected":false},"excerpt":{"rendered":"<p>Heute zum Weltfrauentag hat auch die GEW ihren Frauen Rosen \u00fcberreicht. In ausgew\u00e4hlten Betrieben dankte Renate Oehler (Mitglied im Bundesfrauenausschuss der GEW) den Frauen und erinnerte zugleich an die aktuelle Tarifrunde, in welcher gerade auch die Eingruppierung und eine gerechtere Bezahlung von allen im Sozial- und Erziehungsdienst t\u00e4tigen Frauen verhandelt wird. In der Comenius Schule<\/p><\/div>\n<div class=\"blog-btn\"><a href=\"https:\/\/gew-unterfranken.de\/?p=40797\" class=\"home-blog-btn\">Weiterlesen<\/a><\/p>\n","protected":false},"author":2,"featured_media":40798,"comment_status":"closed","ping_status":"closed","sticky":false,"template":"","format":"standard","meta":[],"categories":[13],"tags":[3],"_links":{"self":[{"href":"https:\/\/gew-unterfranken.de\/index.php?rest_route=\/wp\/v2\/posts\/40797"}],"collection":[{"href":"https:\/\/gew-unterfranken.de\/index.php?rest_route=\/wp\/v2\/posts"}],"about":[{"href":"https:\/\/gew-unterfranken.de\/index.php?rest_route=\/wp\/v2\/types\/post"}],"author":[{"embeddable":true,"href":"https:\/\/gew-unterfranken.de\/index.php?rest_route=\/wp\/v2\/users\/2"}],"replies":[{"embeddable":true,"href":"https:\/\/gew-unterfranken.de\/index.php?rest_route=%2Fwp%2Fv2%2Fcomments&post=40797"}],"version-history":[{"count":4,"href":"https:\/\/gew-unterfranken.de\/index.php?rest_route=\/wp\/v2\/posts\/40797\/revisions"}],"predecessor-version":[{"id":40804,"href":"https:\/\/gew-unterfranken.de\/index.php?rest_route=\/wp\/v2\/posts\/40797\/revisions\/40804"}],"wp:featuredmedia":[{"embeddable":true,"href":"https:\/\/gew-unterfranken.de\/index.php?rest_route=\/wp\/v2\/media\/40798"}],"wp:attachment":[{"href":"https:\/\/gew-unterfranken.de\/index.php?rest_route=%2Fwp%2Fv2%2Fmedia&parent=40797"}],"wp:term":[{"taxonomy":"category","embeddable":true,"href":"https:\/\/gew-unterfranken.de\/index.php?rest_route=%2Fwp%2Fv2%2Fcategories&post=40797"},{"taxonomy":"post_tag","embeddable":true,"href":"https:\/\/gew-unterfranken.de\/index.php?rest_route=%2Fwp%2Fv2%2Ftags&post=40797"}],"curies":[{"name":"wp","href":"https:\/\/api.w.org\/{rel}","templated":true}]}}