{"id":40786,"date":"2022-01-09T15:22:22","date_gmt":"2022-01-09T15:22:22","guid":{"rendered":"http:\/\/gew-unterfranken.de\/?p=40786"},"modified":"2022-01-09T15:31:45","modified_gmt":"2022-01-09T15:31:45","slug":"praesenz-und-testen-in-kita-und-schule","status":"publish","type":"post","link":"https:\/\/gew-unterfranken.de\/?p=40786","title":{"rendered":"Pr\u00e4senz und Testen in KiTa und Schule"},"content":{"rendered":"\n<p><strong>GEW zu Schulstart und KiTa-Betrieb in Unterfranken<\/strong><\/p>\n\n\n\n<p>Die Bildungsgewerkschaft GEW im DGB hat ihre <strong>Mitglieder befragt<\/strong> (<strong><a href=\"http:\/\/gew-unterfranken.de\/wp-content\/uploads\/2022\/01\/2021-01-05_Umfrage-Schulstart-nach-Weihnachtsferien.pdf\" target=\"_blank\" rel=\"noreferrer noopener\">Auswahl von Antworten im Volltext<\/a><\/strong>), wie sie den Schulstart nach den Ferien sehen. &#8222;<em>Der \u00fcberwiegende Teil w\u00fcnscht sich Pr\u00e4senzunterricht mit&nbsp;Augenma\u00df, aber kein Fahren auf Sicht wie die Staatsregierung<\/em>\u201c, so die GEW-Bezirksvorsitzende Monika Hartl.<br>Pr\u00e4senzunterricht mit kleinen Lerngruppen wird begr\u00fc\u00dft. \u201e<em>Bei \u00c4lteren funktioniert Hybridunterricht so gut, dass man getrost abwechselnd einen Teil der Klasse daheim lassen kann<\/em>\u201c, so die F\u00f6rderschullehrerin Hartl. Auch reinem Distanzunterricht wird das Wort geredet: \u201e<em>Die Sch\u00fclerinnen und Sch\u00fcler schaffen das<\/em>\u201c, sagten einige der Befragten.<br>Der Gesundheitsschutz der Besch\u00e4ftigten hat bei der Bildungsgewerkschaft Priorit\u00e4t. Die GEW Unterfranken weist nochmals darauf hin, dass die Sachaufwandstr\u00e4ger (Gemeinden und Landkreise) in der Pflicht sind, Rauml\u00fcftungsger\u00e4te in ausreichender Zahl endlich anzuschaffen: <em>\u201eGeld ist genug da, aber die Entscheidungskraft fehlt<\/em>\u201c, so Hartl. <em>\u201eMit einem Rauml\u00fcftungskonzept haben die Hygiene- und Abstandsregeln die gr\u00f6\u00dfte Wirkung.<\/em>\u201c So kritisiert die GEW, dass z. B. in Aschaffenburg zwar Gelder f\u00fcr L\u00fcftungsger\u00e4te vom Stadtrat genehmigt wurden, aber nicht in den Schulen ankommen. Mangelnde Aufkl\u00e4rung bei den Schulen sieht die GEW hier als Ursache.<br>Die generelle Testpflicht aller an Schulen und Kindertagesst\u00e4tten teilnehmenden Personen wird von der GEW Unterfranken begr\u00fc\u00dft. Aber in den Kindertagesst\u00e4tten wird es bei der Durchf\u00fchrung der Tests Probleme geben. Selbst die Staatsregierung gibt zu, dass es nicht gen\u00fcgend Laborkapazit\u00e4t f\u00fcr sogenannte \u201eLolli&#8220;-Pooltests gibt. Das sei angesichts der Vorlaufzeit besch\u00e4mend, sagt Hartl. <em>\u201eDie Staatsregierung f\u00e4hrt weiterhin auf Sicht, statt Entscheidungen mit Augenma\u00df zu treffen<\/em>.\u201c<\/p>\n\n\n\n<p><strong>Pooltests in Kitas: PCR-Tests scheitern in Unterfranken an Laborkapazit\u00e4ten\u00a0<\/strong><br><strong>GEW: &#8222;Chancen f\u00fcr die bessere Methode verpasst&#8220;<\/strong>\u00a0<\/p>\n\n\n\n<!--more-->\n\n\n\n<p>Die Bildungsgewerkschaft GEW im DGB nimmt Stellung zur gerade ver\u00f6ffentlichten\u00a0<em class=\"\">Handreichung zu SARS-CoV-2 Testungen in vorschulischen\u00a0Kinderbetreuungseinrichtungen<\/em>\u00a0der W\u00fc-Kita-CoV-Studie (s. Quellen unten). \u201e<em>PCR-Tests als Lolli- oder Spucktests sind deutlich sicherer und genauer als Antigen-Schnelltests<\/em>\u201c, so der sozialp\u00e4dagogische Sprecher der GEW W\u00fcrzburg und Leiter einer KiTa, Christian G\u00fcndling. Die Handlungsanleitung l\u00e4sst in ihren Empfehlungen dennoch offen, ob PCR-Testungen den Antigenschnelltests als geeignete Methodik f\u00fcr den Einsatz in Kitas \u00fcberlegen ist. &#8222;<em>Diese Empfehlung h\u00e4tte im September noch anders ausgesehen, als gen\u00fcgend Laborkapazit\u00e4ten zur zeitnahen Auswertung vorhanden waren<\/em>&#8222;, so G\u00fcndling.\u00a0<br>&#8222;<em>Ich finde es ungl\u00fccklich, dass die PCR-Tests nur aus dem einen Grund nicht klar als die bessere Variante empfohlen werden, weil derzeit nicht garantiert werden kann, dass die Testergebnisse noch am gleichen Tag bzw. vor Kitabeginn am n\u00e4chsten Tag zur Verf\u00fcgung stehen.<\/em>\u201c Die bessere Methode werde durch \u00e4u\u00dfere Faktoren beeintr\u00e4chtigt. Wer bereits bei den PCR-Testungen dabei ist, profitiere von der besseren Methode. &#8222;<em>Wer sp\u00e4ter kommt, denn bestraft das sp\u00e4te Testergebnis<\/em>&#8222;, so der KiTa-Leiter\u00a0<\/p>\n\n\n\n<p><strong>Quellen: <\/strong><br>1. <a class=\"\" href=\"https:\/\/www.med.uni-wuerzburg.de\/fileadmin\/wuekitacov\/2022\/Manual_Wue-KiTa-CoV_v2.0.pdf\">https:\/\/www.med.uni-wuerzburg.de\/fileadmin\/wuekitacov\/2022\/Manual_Wue-KiTa-CoV_v2.0.pdf<\/a> vgl. S. 5 Nummer (9) und Absatz darunter: \u00a0&#8222;<em>Es ist aktuell unklar, ob eine PCR-Testung oder ein Antigenschnelltest das bessere Verfahren f\u00fcr die regelm\u00e4\u00dfige Testung darstellen (vgl. Tabelle 1). Bei Durchf\u00fchrung von PCR-Testungen ist entscheidend, dass das Ergebnis noch am Tag der Testung, d.h. vor dem n\u00e4chsten Kita-Besuch verf\u00fcgbar ist und im Fall eines positiven Nachweises den Eltern mitgeteilt wird.\u00a0<strong class=\"\">Es ist davon auszugehen, dass entsprechende Laborkapazit\u00e4ten nicht fl\u00e4chendeckend zur Verf\u00fcgung stehen<\/strong>.<\/em>&#8220;\u00a0<\/p>\n\n\n\n<p>2. <a class=\"\" href=\"https:\/\/www.ukw.de\/aktuelle-meldungen\/detail\/news\/kita-und-corona-wuerzburger-kita-cov-studie-wird-veroeffentlicht\/\">https:\/\/www.ukw.de\/aktuelle-meldungen\/detail\/news\/kita-und-corona-wuerzburger-kita-cov-studie-wird-veroeffentlicht\/<\/a>&nbsp;<\/p>\n\n\n\n<p>3. <a class=\"\" href=\"https:\/\/jamanetwork.com\/journals\/jamanetworkopen\/fullarticle\/2787578?resultClick=3\">https:\/\/jamanetwork.com\/journals\/jamanetworkopen\/fullarticle\/2787578?resultClick=3<\/a><\/p>\n\n\n\n<p>Kontakt: Monika Hartl, komm. Vorsitzende GEW Unterfranken, Tel. 01520 8886351<\/p>\n\n\n\n<p>KiTa: Christian G\u00fcndling,&nbsp;<a class=\"\" href=\"&#x6d;&#97;i&#x6c;&#116;&#111;&#x3a;&#x63;&#104;r&#x69;&#115;&#46;&#x67;&#x75;&#101;&#64;&#x67;&#101;w&#x2d;&#x75;&#110;t&#x65;&#114;f&#x72;&#x61;&#110;k&#x65;&#110;&#46;&#x64;&#x65;\">&#99;h&#x72;i&#x73;&#46;&#x67;u&#x65;&#64;&#x67;&#101;&#x77;&#45;&#x75;&#110;t&#101;r&#x66;r&#x61;n&#x6b;&#101;&#x6e;&#46;&#x64;&#101;<\/a><\/p>\n","protected":false},"excerpt":{"rendered":"<p>GEW zu Schulstart und KiTa-Betrieb in Unterfranken Die Bildungsgewerkschaft GEW im DGB hat ihre Mitglieder befragt (Auswahl von Antworten im Volltext), wie sie den Schulstart nach den Ferien sehen. &#8222;Der \u00fcberwiegende Teil w\u00fcnscht sich Pr\u00e4senzunterricht mit&nbsp;Augenma\u00df, aber kein Fahren auf Sicht wie die Staatsregierung\u201c, so die GEW-Bezirksvorsitzende Monika Hartl.Pr\u00e4senzunterricht mit kleinen Lerngruppen wird begr\u00fc\u00dft. \u201eBei<\/p><\/div>\n<div class=\"blog-btn\"><a href=\"https:\/\/gew-unterfranken.de\/?p=40786\" class=\"home-blog-btn\">Weiterlesen<\/a><\/p>\n","protected":false},"author":2,"featured_media":40787,"comment_status":"closed","ping_status":"closed","sticky":false,"template":"","format":"standard","meta":[],"categories":[25,15],"tags":[8,7],"_links":{"self":[{"href":"https:\/\/gew-unterfranken.de\/index.php?rest_route=\/wp\/v2\/posts\/40786"}],"collection":[{"href":"https:\/\/gew-unterfranken.de\/index.php?rest_route=\/wp\/v2\/posts"}],"about":[{"href":"https:\/\/gew-unterfranken.de\/index.php?rest_route=\/wp\/v2\/types\/post"}],"author":[{"embeddable":true,"href":"https:\/\/gew-unterfranken.de\/index.php?rest_route=\/wp\/v2\/users\/2"}],"replies":[{"embeddable":true,"href":"https:\/\/gew-unterfranken.de\/index.php?rest_route=%2Fwp%2Fv2%2Fcomments&post=40786"}],"version-history":[{"count":6,"href":"https:\/\/gew-unterfranken.de\/index.php?rest_route=\/wp\/v2\/posts\/40786\/revisions"}],"predecessor-version":[{"id":40794,"href":"https:\/\/gew-unterfranken.de\/index.php?rest_route=\/wp\/v2\/posts\/40786\/revisions\/40794"}],"wp:featuredmedia":[{"embeddable":true,"href":"https:\/\/gew-unterfranken.de\/index.php?rest_route=\/wp\/v2\/media\/40787"}],"wp:attachment":[{"href":"https:\/\/gew-unterfranken.de\/index.php?rest_route=%2Fwp%2Fv2%2Fmedia&parent=40786"}],"wp:term":[{"taxonomy":"category","embeddable":true,"href":"https:\/\/gew-unterfranken.de\/index.php?rest_route=%2Fwp%2Fv2%2Fcategories&post=40786"},{"taxonomy":"post_tag","embeddable":true,"href":"https:\/\/gew-unterfranken.de\/index.php?rest_route=%2Fwp%2Fv2%2Ftags&post=40786"}],"curies":[{"name":"wp","href":"https:\/\/api.w.org\/{rel}","templated":true}]}}