{"id":40776,"date":"2021-12-24T09:17:03","date_gmt":"2021-12-24T09:17:03","guid":{"rendered":"http:\/\/gew-unterfranken.de\/?p=40776"},"modified":"2021-12-28T16:38:27","modified_gmt":"2021-12-28T16:38:27","slug":"wissenschaft-statt-schwurbelquatsch","status":"publish","type":"post","link":"https:\/\/gew-unterfranken.de\/?p=40776","title":{"rendered":"&#8222;Wissenschaft statt Schwurbelquatsch&#8220;"},"content":{"rendered":"\n<p>Die&nbsp;Bildungsgewerkschaft GEW in Unterfranken unterst\u00fctzte die Gr\u00fcne Jugend W\u00fcrzburg bei einer Demonstration f\u00fcr &#8222;Wissenschaft statt Schwurbelquatsch. Gegen Verschw\u00f6rungstheorien und f\u00fcr das Impfen\u201c am&nbsp;Mittwoch, 22.12., 17:40 am Unteren Markt W\u00fcrzburg. FFP2-Maskenpflicht bestand.<br><a href=\"http:\/\/gew-unterfranken.de\/wp-content\/uploads\/2021\/12\/Redebeitrag_Dezember.pdf\" target=\"_blank\" rel=\"noreferrer noopener\">Es sprach unter anderem die komm. Vorsitzende des GEW-Bezirks Unterfranken, Monika Hartl.<\/a><br>Dazu folgende Links:<br><a rel=\"noreferrer noopener\" href=\"https:\/\/www.mainpost.de\/ueberregional\/politik\/brennpunkte\/lehrer-homeschooling-und-ferienverlaengerung-denkbar-art-10703701\" target=\"_blank\">https:\/\/www.mainpost.de\/ueberregional\/politik\/brennpunkte\/lehrer-homeschooling-und-ferienverlaengerung-denkbar-art-10703701<\/a><\/p>\n\n\n\n<p><a href=\"https:\/\/www.tvmainfranken.de\/mediathek\/video\/zweites-zusammentreffen-von-querdenkern-und-gegendemonstranten-polizei-zeigt-sich-zufrieden\/\" target=\"_blank\" rel=\"noreferrer noopener\">https:\/\/www.tvmainfranken.de\/mediathek\/video\/zweites-zusammentreffen-von-querdenkern-und-gegendemonstranten-polizei-zeigt-sich-zufrieden\/<\/a><\/p>\n\n\n\n<p><a href=\"https:\/\/www.mainpost.de\/regional\/wuerzburg\/demo-auf-dem-wuerzburger-marktplatz-120-menschen-demonstrieren-gegen-querdenker-art-10701110\" target=\"_blank\" rel=\"noreferrer noopener\">https:\/\/www.mainpost.de\/regional\/wuerzburg\/demo-auf-dem-wuerzburger-marktplatz-120-menschen-demonstrieren-gegen-querdenker-art-10701110<\/a><\/p>\n","protected":false},"excerpt":{"rendered":"<p>Die&nbsp;Bildungsgewerkschaft GEW in Unterfranken unterst\u00fctzte die Gr\u00fcne Jugend W\u00fcrzburg bei einer Demonstration f\u00fcr &#8222;Wissenschaft statt Schwurbelquatsch. Gegen Verschw\u00f6rungstheorien und f\u00fcr das Impfen\u201c am&nbsp;Mittwoch, 22.12., 17:40 am Unteren Markt W\u00fcrzburg. FFP2-Maskenpflicht bestand.Es sprach unter anderem die komm. Vorsitzende des GEW-Bezirks Unterfranken, Monika Hartl.Dazu folgende Links:https:\/\/www.mainpost.de\/ueberregional\/politik\/brennpunkte\/lehrer-homeschooling-und-ferienverlaengerung-denkbar-art-10703701 https:\/\/www.tvmainfranken.de\/mediathek\/video\/zweites-zusammentreffen-von-querdenkern-und-gegendemonstranten-polizei-zeigt-sich-zufrieden\/ https:\/\/www.mainpost.de\/regional\/wuerzburg\/demo-auf-dem-wuerzburger-marktplatz-120-menschen-demonstrieren-gegen-querdenker-art-10701110<\/p>\n","protected":false},"author":2,"featured_media":40780,"comment_status":"closed","ping_status":"closed","sticky":false,"template":"","format":"standard","meta":[],"categories":[24,25],"tags":[],"_links":{"self":[{"href":"https:\/\/gew-unterfranken.de\/index.php?rest_route=\/wp\/v2\/posts\/40776"}],"collection":[{"href":"https:\/\/gew-unterfranken.de\/index.php?rest_route=\/wp\/v2\/posts"}],"about":[{"href":"https:\/\/gew-unterfranken.de\/index.php?rest_route=\/wp\/v2\/types\/post"}],"author":[{"embeddable":true,"href":"https:\/\/gew-unterfranken.de\/index.php?rest_route=\/wp\/v2\/users\/2"}],"replies":[{"embeddable":true,"href":"https:\/\/gew-unterfranken.de\/index.php?rest_route=%2Fwp%2Fv2%2Fcomments&post=40776"}],"version-history":[{"count":3,"href":"https:\/\/gew-unterfranken.de\/index.php?rest_route=\/wp\/v2\/posts\/40776\/revisions"}],"predecessor-version":[{"id":40781,"href":"https:\/\/gew-unterfranken.de\/index.php?rest_route=\/wp\/v2\/posts\/40776\/revisions\/40781"}],"wp:featuredmedia":[{"embeddable":true,"href":"https:\/\/gew-unterfranken.de\/index.php?rest_route=\/wp\/v2\/media\/40780"}],"wp:attachment":[{"href":"https:\/\/gew-unterfranken.de\/index.php?rest_route=%2Fwp%2Fv2%2Fmedia&parent=40776"}],"wp:term":[{"taxonomy":"category","embeddable":true,"href":"https:\/\/gew-unterfranken.de\/index.php?rest_route=%2Fwp%2Fv2%2Fcategories&post=40776"},{"taxonomy":"post_tag","embeddable":true,"href":"https:\/\/gew-unterfranken.de\/index.php?rest_route=%2Fwp%2Fv2%2Ftags&post=40776"}],"curies":[{"name":"wp","href":"https:\/\/api.w.org\/{rel}","templated":true}]}}