{"id":40725,"date":"2021-11-09T10:16:50","date_gmt":"2021-11-09T10:16:50","guid":{"rendered":"http:\/\/gew-unterfranken.de\/?p=40725"},"modified":"2021-12-15T10:27:07","modified_gmt":"2021-12-15T10:27:07","slug":"zu-wenige-luftfilter-und-pool-tests-in-kitas","status":"publish","type":"post","link":"https:\/\/gew-unterfranken.de\/?p=40725","title":{"rendered":"Zu wenige Luftfilter und Pool-Tests in KiTas"},"content":{"rendered":"\n<p><strong>GEW bef\u00fcrchtet Schlie\u00dfungen<br>Die Bildungsgewerkschaft GEW Bayern im DGB setzt sich f\u00fcr die Besch\u00e4ftigten und Kinder ein<\/strong><\/p>\n\n\n\n<p>Nachrichtlich: aktualisierte <a rel=\"noreferrer noopener\" href=\"http:\/\/gew-unterfranken.de\/wp-content\/uploads\/2021\/12\/211208_GEW-in-den-Medien.pdf\" target=\"_blank\">Linksammlung<\/a> zu Pressereaktionen auf GEW-Testkonzept f\u00fcr Kinder in Kitas<\/p>\n\n\n\n<p>Ein zweites Mal sind die Sommerferien nicht genutzt worden, um fl\u00e4chendeckend Luftfilteranlagen in KiTas und Schulen zu installieren. Hier fehlt offensichtlich der politische Wille, Ma\u00dfnahmen zur Verhinderung von Schlie\u00dfungen zu ergreifen, die auf Kosten der Sch\u00fcler*innen und ihrer Eltern gehen.<\/p>\n\n\n\n<p>&#8222;Weg frei f\u00fcr die Lolli-Pool-Tests: 21 Kitas in Stadt und Landkreis W\u00fcrzburg machen mit\u201c- Das sind&nbsp;21 von 243. Nicht einmal jede zehnte Kita im Raum W\u00fcrzburg nutzt die M\u00f6glichkeit, Kinder und Besch\u00e4ftigte zweimal die Woche mit PCR-Tests zu testen, um so einen Ausbruch von CoViD19 in der Einrichtung verhindern bzw. fr\u00fchzeitig eind\u00e4mmen zu k\u00f6nnen.&nbsp;\u201eDie Staatsregierung mauert, wir bleiben hinter unseren&nbsp;M\u00f6glichkeiten zur\u00fcck,\u201c&nbsp;sagt Christian G\u00fcndling, GEW-Vorstandsmitglied in W\u00fcrzburg und KiTa-Leiter.<\/p>\n\n\n\n<!--more-->\n\n\n\n<p>Hatte nicht die in W\u00fcrzburg durchgef\u00fchrte W\u00fc-Kita-CoV-Studie (<a class=\"\" href=\"https:\/\/www.med.uni-wuerzburg.de\/wuekitacov\/startseite\/\">https:\/\/www.med.uni-wuerzburg.de\/wuekitacov\/startseite\/<\/a>)&nbsp;gezeigt, dass Pooltests die Methode sind, die von Eltern, Kindern und Besch\u00e4ftigten gut angenommen werden? Und hatte sie nicht gezeigt, wie einfach das in Kitas umgesetzt werden kann? Ja, aber nun sind die Rahmenbedingungen deutlich schlechter als in der Studie:&nbsp;Kita-Leitungen haben mehr Arbeit damit in einer sowieso schon sehr b\u00fcrokratisierten&nbsp;Kita-Leitungs-Welt (siehe Bericht einer KiTa-Leitung unten). Das Vergabeverfahren f\u00fcr&nbsp;die Kommunen ist langwierig und aufw\u00e4ndig (s. Quelle). Anstatt wie in&nbsp;den Schulen Anfang\/Mitte September zu starten, wird es in den Kitas erst Ende November oder sogar&nbsp;Anfang Dezember losgehen. Bis dahin werden wir schon mehrere Kita-Schlie\u00dfungen registriert&nbsp;haben, Kinder, Eltern, Besch\u00e4ftigte infiziert und erkrankt sein &#8211; leider wieder ein drastisches Beispiel&nbsp;daf\u00fcr, wie Kinder und Besch\u00e4ftigte in Kitas \u00fcbersehen werden.<br>Quellen: <a class=\"\" href=\"https:\/\/www.stmas.bayern.de\/kinderbetreuung\/pcr-pool-tests\/index.php\">F\u00f6rderrichtlinie zur Durchf\u00fchrung von PCR-Pool-Tests in der Kindertagesbetreuung | Bayerisches Staatsministerium f\u00fcr Familie, Arbeit und Soziales (bayern.de)<\/a><\/p>\n\n\n\n<p><strong>Bericht einer KiTa-Leitun<\/strong>g <\/p>\n\n\n\n<p>zur&nbsp;W\u00fc-Kita-CoV-Studie&nbsp;der Stadt und des Landkreises W\u00fcrzburgF\u00fcr die Praxis vor Ort : Laut den Angaben aus dem Onlinetreffen mit der Stadt hat das Kita-Personal mehr Aufgaben als in der Studie. Bei der Studie gab es f\u00fcr die Spucktests eine bereitgestellte Kiste, da haben die Eltern die Testr\u00f6hrchen 2x die Woche eingeworfen, dann wurde die Kiste geholt und ne neue gebracht, fertig. Zudem hab ich die Anwesenheitsliste (da, nicht da, krank, Quarant\u00e4ne) alle 14 Tage der Studie&nbsp;gemeldet. 1x die Woche hat jede getestete Person online noch ne R\u00fcckmeldung zur&nbsp;Testdauer gegeben und dann am Anfang und Ende der Studie noch einen Fragebogen&nbsp;beantwortet. Nun hie\u00df es, die Leitung m\u00fcsse die Tests \u00fcberpr\u00fcfen, ob auch alles richtig ist (Etikett lesbar, St\u00e4bchen drinnen usw.), also alle R\u00f6hrchen gegenchecken und auch festhalten, wer was abgegeben hat (wobei ich mir beim letzten Punkt&nbsp;nicht&nbsp;mehr sicher bin). Und feste Pools mit mind. 10 und max. 25 oder 30 (hier gibt es verschiedene Angaben) bilden, was f\u00fcr gr\u00f6\u00dfere Einrichtungen mit Fr\u00fch- und Sp\u00e4tbetreuung durchaus&nbsp;kompliziert werden kann. In der Studie kamen alle R\u00f6hrchen in eine Kiste, keine extra Pools. Dazu m\u00fcsste man am besten mal dort nachfragen, wo es schon l\u00e4uft. Wobei es wohl auch davon abh\u00e4ngt, was in der Leistungsbeschreibung f\u00fcrs Labor genau festgehalten ist.&nbsp;Kontakt: Christian G\u00fcndling,&nbsp;<a class=\"\" href=\"&#109;&#x61;i&#108;&#x74;o&#58;&#x63;h&#114;&#x69;s&#46;&#x67;&#117;&#x65;&#x6e;&#100;&#x6c;&#x69;&#110;&#x67;&#64;&#103;&#x6d;a&#105;&#x6c;&#46;&#99;&#x6f;m\">&#x63;&#x68;&#114;&#105;s&#x2e;&#x67;&#x75;&#101;&#110;d&#x6c;&#x69;&#x6e;&#103;&#64;g&#x6d;&#x61;&#x69;&#108;&#46;c&#x6f;&#x6d;<\/a><\/p>\n","protected":false},"excerpt":{"rendered":"<p>GEW bef\u00fcrchtet Schlie\u00dfungenDie Bildungsgewerkschaft GEW Bayern im DGB setzt sich f\u00fcr die Besch\u00e4ftigten und Kinder ein Nachrichtlich: aktualisierte Linksammlung zu Pressereaktionen auf GEW-Testkonzept f\u00fcr Kinder in Kitas Ein zweites Mal sind die Sommerferien nicht genutzt worden, um fl\u00e4chendeckend Luftfilteranlagen in KiTas und Schulen zu installieren. Hier fehlt offensichtlich der politische Wille, Ma\u00dfnahmen zur Verhinderung von<\/p><\/div>\n<div class=\"blog-btn\"><a href=\"https:\/\/gew-unterfranken.de\/?p=40725\" class=\"home-blog-btn\">Weiterlesen<\/a><\/p>\n","protected":false},"author":2,"featured_media":40726,"comment_status":"closed","ping_status":"closed","sticky":false,"template":"","format":"standard","meta":[],"categories":[15],"tags":[7],"_links":{"self":[{"href":"https:\/\/gew-unterfranken.de\/index.php?rest_route=\/wp\/v2\/posts\/40725"}],"collection":[{"href":"https:\/\/gew-unterfranken.de\/index.php?rest_route=\/wp\/v2\/posts"}],"about":[{"href":"https:\/\/gew-unterfranken.de\/index.php?rest_route=\/wp\/v2\/types\/post"}],"author":[{"embeddable":true,"href":"https:\/\/gew-unterfranken.de\/index.php?rest_route=\/wp\/v2\/users\/2"}],"replies":[{"embeddable":true,"href":"https:\/\/gew-unterfranken.de\/index.php?rest_route=%2Fwp%2Fv2%2Fcomments&post=40725"}],"version-history":[{"count":7,"href":"https:\/\/gew-unterfranken.de\/index.php?rest_route=\/wp\/v2\/posts\/40725\/revisions"}],"predecessor-version":[{"id":40774,"href":"https:\/\/gew-unterfranken.de\/index.php?rest_route=\/wp\/v2\/posts\/40725\/revisions\/40774"}],"wp:featuredmedia":[{"embeddable":true,"href":"https:\/\/gew-unterfranken.de\/index.php?rest_route=\/wp\/v2\/media\/40726"}],"wp:attachment":[{"href":"https:\/\/gew-unterfranken.de\/index.php?rest_route=%2Fwp%2Fv2%2Fmedia&parent=40725"}],"wp:term":[{"taxonomy":"category","embeddable":true,"href":"https:\/\/gew-unterfranken.de\/index.php?rest_route=%2Fwp%2Fv2%2Fcategories&post=40725"},{"taxonomy":"post_tag","embeddable":true,"href":"https:\/\/gew-unterfranken.de\/index.php?rest_route=%2Fwp%2Fv2%2Ftags&post=40725"}],"curies":[{"name":"wp","href":"https:\/\/api.w.org\/{rel}","templated":true}]}}