{"id":40700,"date":"2021-09-13T07:18:00","date_gmt":"2021-09-13T07:18:00","guid":{"rendered":"http:\/\/gew-unterfranken.de\/?p=40700"},"modified":"2021-09-13T07:19:11","modified_gmt":"2021-09-13T07:19:11","slug":"gew-zum-schuljahresanfang-maengel-bei-personal-und-ausstattung","status":"publish","type":"post","link":"https:\/\/gew-unterfranken.de\/?p=40700","title":{"rendered":"GEW zum Schuljahresanfang: M\u00e4ngel bei Personal und Ausstattung"},"content":{"rendered":"\n<p>Die GEW Unterfranken sieht zum Schulanfang Handlungsbedarf bei Lehrkr\u00e4ftemangel in allen Schularten und bei L\u00fcftungsger\u00e4ten<\/p>\n\n\n\n<p>Zum Schuljahresanfang begr\u00fc\u00dft die GEW Unterfranken die Erf\u00fcllung ihrer Forderungen nach pragmatischen L\u00f6sungen zum <strong>Gesundheitsschutz <\/strong>(Maskenpflicht, Testpflicht), sieht aber noch einen langen Weg vor uns (Luftreinigung, Umgang mit Testverweigerern, technische Ausstattung). Dem vom Bund beschlossene <strong>Ganztag an Grundschulen<\/strong> ab 2026 muss sofort mit einem ausreichenden Personalkonzept entsprochen werden. Die Bildungsgewerkschaft warnt vor den <strong>Folgen des langj\u00e4hrigen Lehrkr\u00e4ftemangels in allen Schularten<\/strong>: \u201eDas baden mehrere vergangene und zuk\u00fcnftige Sch\u00fclergenerationen aus,\u201c sagt Monika Hartl, kommissarische GEW-Bezirksvorsitzende in Unterfranken.<\/p>\n\n\n\n<!--more-->\n\n\n\n<p><strong>Lufreinigungsger\u00e4te<\/strong><br>V\u00f6llig <strong>mangelhaft ist die Ausstattung der Schulen mit Luftreinigungsger\u00e4ten<\/strong>, nimmt die GEW-Vorsitzende die Sachaufwandstr\u00e4ger (Gemeinden, Landkreise) in die Pflicht: \u201eDie sind verz\u00f6gert, verst\u00e4ndnislos, entscheidungsschwach.\u201c Die GEW hatte in einem Schreiben an die W\u00fcrzburger Schulb\u00fcrgermeisterin Judith J\u00f6rg eine angemessene Ausstattung gefordert. Ablehnende Antwort J\u00f6rg: \u201eOb und welche Auswirkung die Luftfilter auf die Gesundheit der Kinder haben,&nbsp;kann Ihnen&nbsp;niemand sagen.\u201c In Unterfranken sind nur 17,7 Millionen \u20ac von zugewiesenen 67 Millionen \u20ac (gut ein Viertel, 26%) Bundesmittel f\u00fcr Luftfilteranlagen abgerufen worden.<\/p>\n\n\n\n<p>Erfreulich sei, dass einige Gemeinden am Bayerischen Untermain dem Gesundheitsschutz ernster nehmen: Gemeinden wie H\u00f6sbach, die 140 Luftfilter angeschafft haben sind ein Vorbild f\u00fcr andere Gemeinden! Aber auch die Stadt Alzenau hat schon einiges getan, erg\u00e4nzt jedoch die Luftfilter jedoch auch mit dem Querl\u00fcft-Konzept. Der Markt Goldbach hat ebenfalls Luftfilter angeschafft und tr\u00e4gt so zu einem verbesserten Gesundheitsschutz f\u00fcr die Kinder und Jugendlichen bei.<br class=\"\"><br class=\"\"><strong>Impfpflicht \/ Auskunftspflicht<\/strong><br class=\"\">&#8222;Aus gutem Grund stehen pers\u00f6nliche Daten in Deutschland unter besonderem Schutz. Diesen Schutz m\u00fcssen wir gew\u00e4hrleisten&#8220;, sagt Hartl. Sie verweist darauf, dass die Impfbereitschaft unter den Besch\u00e4ftigten in Schulen und Kitas mit &#8222;80 bis 95 Prozent ganz weit oben&#8220; liege.&nbsp;<\/p>\n\n\n\n<p>Unter der geltenden 3G-Regelung m\u00fcssen Lehrkr\u00e4fte und Sch\u00fcler:innen daheim arbeiten, wenn sie Tests verweigern. Damit teilen sie ihre Position dem Arbeitgeber, also der Schule indirekt mit. Es ist davon auszugehen, dass <strong>echte Impfverweigerer letztendlich eine irrelevante Minderheit<\/strong> sind.<\/p>\n\n\n\n<p><strong>Grund- und Mittelschulen<\/strong><br>Das <strong>Lehramtsstudium<\/strong> an der Julius-Maximilians-Universit\u00e4t zog 6.117 Studienanf\u00e4nger:innen an, bislang \u00fcber 300 weniger als im vergangenen Wintersemester. Zus\u00e4tzlich ist ein NC auf Grundschuldidaktik sowie in dem absoluten Mangelfach Sonderp\u00e4dagogik, wodurch ein weiterer R\u00fcckgang erkl\u00e4rt werden kann. \u201eDas wirft zwei Probleme auf, sagt Hartl. \u201eErstens wurde die Uni <strong>nicht mit gen\u00fcgend Dozent:innen ausgestattet<\/strong>, sodass die Ausbildung gef\u00e4hrdet ist und zweitens kommen viel zu wenig Absolvent:innen an die Schulen, um den Mangel im Lehramt auffangen zu k\u00f6nnen. <strong>Der Mangel an den Universit\u00e4ten setzt sich so 1:1 an den Schulen fort!<\/strong>\u201c<br><br>Der Lehrkr\u00e4ftemangel an beiden Schularten ist eklatant. \u201e<strong>In jeder Schule fehlt eine Lehrkraft<\/strong>,\u201c so Hartl. Auch p\u00e4dagogische Fachkr\u00e4fte seien Mangelware. \u201eSo werden wie letztes Jahr die Klassen wieder gr\u00f6\u00dfer, Kurse zusammengelegt und F\u00f6rderung den Erfordernissen untergeordnet.\u201c Die Corona-Ma\u00dfnahmen sehen vor, dass z.B. Schwangere oder Gef\u00e4hrdete von zu Hause aus unterst\u00fctzt durch eine Teamlehrkraft ihren Unterricht machen (800 in Unterfranken). \u201eIn der Grundschule findet sich dann pl\u00f6tzlich eine unerfahrene, aber gutwillige Teamlehrkraft vor 27 Viertkl\u00e4sslern wieder. Ein Unding mit Ansage: Lehrkr\u00e4ftemangel gibt es nicht erst seit gestern.\u201c<br><br>Besonders <strong>hart trifft es Schulleitungen<\/strong>. Nicht nur mussten sie oft alleingelassen die Pandemie managen sondern finden sich manche pl\u00f6tzlich als Leitung zweier Schulen wieder: zu wenig Unterst\u00fctzung durch die Schulaufsicht, zu hohe Unterrichtsverpflichtung und schlechte Bezahlung. \u201eSo gewinnt man keinen F\u00fchrungsnachwuchst, schon gar keine Frauen.\u201c<br><br><strong>F\u00f6rderschule<\/strong><br>Die <strong>Schulart mit den hilfsbed\u00fcrftigsten Sch\u00fcler:innen muss personell besser ausgestattet werden<\/strong>. Immer wieder steht eine Lehrkraft vor der Wahl, ihrer Klasse zu helfen oder eine Unterst\u00fctzung an einer Grund- oder Mittelschule zu leisten (Mobiler sonderp\u00e4dagogischer Dienst). \u201eWir k\u00f6nnen uns doch nicht zerrei\u00dfen, Inklusion ist ein wichtiges Thema und darf nicht f\u00fcr alle Beteiligten auf einem unterirdischem Niveau stattfinden!\u201c, so Hartl, die selbst Studienr\u00e4tin im F\u00f6rderschuldienst ist. Und: Auch fachfremdes Personal wird vermehrt eingestellt, selbst noch Studierende anderer Schularten werden in ganz Unterfranken als Lehrkr\u00e4fte an den F\u00f6rderschulen eingesetzt.<\/p>\n\n\n\n<p><strong>Realschule<\/strong><br>Die seit Jahren beliebteste Schulart hat ebenfalls ein Personalproblem. Das hat zur Folge, dass alle Kolleg:innen st\u00e4ndig f\u00fcr Vertretungen herangezogen. Das benachteiligt besonders Frauen in Teilzeit an kleinen Schulen. Die Klassenst\u00e4rke ist nach wie vor die h\u00f6chste aller Schularten. Bei der technischen Ausstattung hakt es abh\u00e4ngig von Schulleitung und Sachaufwandstr\u00e4ger nachhaltig. Kolleg:innen fordern mehr geplanten Wechselunterricht: \u201eDie Sch\u00fcler:innen haben das prima gepackt,\u201c so eine Kollegin vom Untermain.<br><br><strong>Gymnasium<\/strong><br>2025 werden zwei Abiturjahrg\u00e4nge auf alle Gymnasien in Unterfranken zukommen. Danach wird es nur das personalintensive neunj\u00e4hrige Gymnasium geben. Doch heute werden motivierte und gut ausgebildete Kolleg:innen nicht \u00fcbernommen. Auch ist die Zahl der Referendar:innen alarmierend gesunken. Die GEW Unterfranken fordert eine vorausschauende Personalpolitik.<\/p>\n","protected":false},"excerpt":{"rendered":"<p>Die GEW Unterfranken sieht zum Schulanfang Handlungsbedarf bei Lehrkr\u00e4ftemangel in allen Schularten und bei L\u00fcftungsger\u00e4ten Zum Schuljahresanfang begr\u00fc\u00dft die GEW Unterfranken die Erf\u00fcllung ihrer Forderungen nach pragmatischen L\u00f6sungen zum Gesundheitsschutz (Maskenpflicht, Testpflicht), sieht aber noch einen langen Weg vor uns (Luftreinigung, Umgang mit Testverweigerern, technische Ausstattung). Dem vom Bund beschlossene Ganztag an Grundschulen ab 2026<\/p><\/div>\n<div class=\"blog-btn\"><a href=\"https:\/\/gew-unterfranken.de\/?p=40700\" class=\"home-blog-btn\">Weiterlesen<\/a><\/p>\n","protected":false},"author":2,"featured_media":449,"comment_status":"closed","ping_status":"closed","sticky":false,"template":"","format":"standard","meta":[],"categories":[25,15],"tags":[7],"_links":{"self":[{"href":"https:\/\/gew-unterfranken.de\/index.php?rest_route=\/wp\/v2\/posts\/40700"}],"collection":[{"href":"https:\/\/gew-unterfranken.de\/index.php?rest_route=\/wp\/v2\/posts"}],"about":[{"href":"https:\/\/gew-unterfranken.de\/index.php?rest_route=\/wp\/v2\/types\/post"}],"author":[{"embeddable":true,"href":"https:\/\/gew-unterfranken.de\/index.php?rest_route=\/wp\/v2\/users\/2"}],"replies":[{"embeddable":true,"href":"https:\/\/gew-unterfranken.de\/index.php?rest_route=%2Fwp%2Fv2%2Fcomments&post=40700"}],"version-history":[{"count":2,"href":"https:\/\/gew-unterfranken.de\/index.php?rest_route=\/wp\/v2\/posts\/40700\/revisions"}],"predecessor-version":[{"id":40702,"href":"https:\/\/gew-unterfranken.de\/index.php?rest_route=\/wp\/v2\/posts\/40700\/revisions\/40702"}],"wp:featuredmedia":[{"embeddable":true,"href":"https:\/\/gew-unterfranken.de\/index.php?rest_route=\/wp\/v2\/media\/449"}],"wp:attachment":[{"href":"https:\/\/gew-unterfranken.de\/index.php?rest_route=%2Fwp%2Fv2%2Fmedia&parent=40700"}],"wp:term":[{"taxonomy":"category","embeddable":true,"href":"https:\/\/gew-unterfranken.de\/index.php?rest_route=%2Fwp%2Fv2%2Fcategories&post=40700"},{"taxonomy":"post_tag","embeddable":true,"href":"https:\/\/gew-unterfranken.de\/index.php?rest_route=%2Fwp%2Fv2%2Ftags&post=40700"}],"curies":[{"name":"wp","href":"https:\/\/api.w.org\/{rel}","templated":true}]}}