{"id":405,"date":"2018-10-11T19:42:31","date_gmt":"2018-10-11T19:42:31","guid":{"rendered":"http:\/\/gew-unterfranken.de\/?p=405"},"modified":"2018-10-11T19:43:49","modified_gmt":"2018-10-11T19:43:49","slug":"gew-unterstuetzt-schweinfurter-erklaerung-und-kundgebungs-aufruf","status":"publish","type":"post","link":"https:\/\/gew-unterfranken.de\/?p=405","title":{"rendered":"GEW unterst\u00fctzt Schweinfurter Erkl\u00e4rung und Aufruf &#8230;"},"content":{"rendered":"<p>&#8230; zur Kundgebung am Samstag, 13. Oktober, um 13.00 Uhr<br \/>\nSchweinfurt,\u00a0 Zeughausplatz. In der Erkl\u00e4rung hei\u00dft es: &#8222;Am 14. Oktober ist Landtags- und Bezirkstagswahl. In unserer Erkl\u00e4rung, die wir einstimmig beschlossen haben, machen wir deutlich:<br \/>\nWir stehen ein f\u00fcr eine demokratische Gesellschaft der W\u00fcrde, der Freiheit, der Vielfalt!<br \/>\nParteien und Kandidaten\/innen, die durch ihr Programm oder ihr Verhalten diesen Grunds\u00e4tzen widersprechen, haben unsere Stimme nicht verdient! Unsere Haltung machen wir auch sichtbar!<br \/>\nKomm am Samstag, 13. Oktober um 13.00 Uhr<br \/>\nzum Zeughausplatz<br \/>\nEs sprechen:<br \/>\nBegr\u00fc\u00dfung: Frank Firsching<br \/>\nStatements: Oliver Bruckmann, Dekan<br \/>\nJochen Ke\u00dfler-Rosa, Vorstand Diakonie<br \/>\nRichard Lindner, BUND Naturschutz<br \/>\nNico Lommatzsch, Kulturtafel<br \/>\nPatrizia Sormani, Pastoralreferentin Kath. Kirche<br \/>\nMartin Schmidl, DGB-Kreisvorsitzender<br \/>\nInfo:<br \/>\nDie AfD plant ihre Abschlusskundgebung um 14.00 Uhr auf dem Georg-Wichtermann-Platz&#8220;<\/p>\n<p><a href=\"http:\/\/gew-unterfranken.de\/wp-content\/uploads\/2018\/10\/Schweinfurter_Erklaerung20181014.pdf\" target=\"_blank\" rel=\"noopener\">Flugblatt herunterladen<\/a><\/p>\n<div class=\"wp-menu-arrow\"><\/div>\n","protected":false},"excerpt":{"rendered":"<p>&#8230; zur Kundgebung am Samstag, 13. Oktober, um 13.00 Uhr Schweinfurt,\u00a0 Zeughausplatz. In der Erkl\u00e4rung hei\u00dft es: &#8222;Am 14. Oktober ist Landtags- und Bezirkstagswahl. In unserer Erkl\u00e4rung, die wir einstimmig beschlossen haben, machen wir deutlich: Wir stehen ein f\u00fcr eine demokratische Gesellschaft der W\u00fcrde, der Freiheit, der Vielfalt! Parteien und Kandidaten\/innen, die durch ihr Programm<\/p><\/div>\n<div class=\"blog-btn\"><a href=\"https:\/\/gew-unterfranken.de\/?p=405\" class=\"home-blog-btn\">Weiterlesen<\/a><\/p>\n","protected":false},"author":2,"featured_media":404,"comment_status":"closed","ping_status":"closed","sticky":false,"template":"","format":"standard","meta":[],"categories":[28,24,21],"tags":[29,5],"_links":{"self":[{"href":"https:\/\/gew-unterfranken.de\/index.php?rest_route=\/wp\/v2\/posts\/405"}],"collection":[{"href":"https:\/\/gew-unterfranken.de\/index.php?rest_route=\/wp\/v2\/posts"}],"about":[{"href":"https:\/\/gew-unterfranken.de\/index.php?rest_route=\/wp\/v2\/types\/post"}],"author":[{"embeddable":true,"href":"https:\/\/gew-unterfranken.de\/index.php?rest_route=\/wp\/v2\/users\/2"}],"replies":[{"embeddable":true,"href":"https:\/\/gew-unterfranken.de\/index.php?rest_route=%2Fwp%2Fv2%2Fcomments&post=405"}],"version-history":[{"count":2,"href":"https:\/\/gew-unterfranken.de\/index.php?rest_route=\/wp\/v2\/posts\/405\/revisions"}],"predecessor-version":[{"id":407,"href":"https:\/\/gew-unterfranken.de\/index.php?rest_route=\/wp\/v2\/posts\/405\/revisions\/407"}],"wp:featuredmedia":[{"embeddable":true,"href":"https:\/\/gew-unterfranken.de\/index.php?rest_route=\/wp\/v2\/media\/404"}],"wp:attachment":[{"href":"https:\/\/gew-unterfranken.de\/index.php?rest_route=%2Fwp%2Fv2%2Fmedia&parent=405"}],"wp:term":[{"taxonomy":"category","embeddable":true,"href":"https:\/\/gew-unterfranken.de\/index.php?rest_route=%2Fwp%2Fv2%2Fcategories&post=405"},{"taxonomy":"post_tag","embeddable":true,"href":"https:\/\/gew-unterfranken.de\/index.php?rest_route=%2Fwp%2Fv2%2Ftags&post=405"}],"curies":[{"name":"wp","href":"https:\/\/api.w.org\/{rel}","templated":true}]}}