{"id":389,"date":"2018-09-16T20:40:45","date_gmt":"2018-09-16T20:40:45","guid":{"rendered":"http:\/\/gew-unterfranken.de\/?p=389"},"modified":"2018-09-16T20:51:48","modified_gmt":"2018-09-16T20:51:48","slug":"gew-aschaffenburg-miltenberg-gemeinsam-gegen-die-afd","status":"publish","type":"post","link":"https:\/\/gew-unterfranken.de\/?p=389","title":{"rendered":"GEW Aschaffenburg-Miltenberg: Gemeinsam gegen rechts!"},"content":{"rendered":"<p><strong>Lied- und Redebeitrag des Koll. R. Frankl auf dem &#8222;Fest der Vielfalt&#8220; anl\u00e4sslich des Auftritts von Bernd H\u00f6cke in Elsenfeld<\/strong><\/p>\n<p>Liebe \u201eFestgemeinde\u201c<br \/>\nliebe Kolleginnen und Kollegen,<\/p>\n<p>die Gewerkschaften haben ihre Lehren aus der Geschichte gezogen. Auch die NSDAP wurde nach der Weltwirtschaftskrise 1929 als so genannte ganz normale Partei demokratisch gew\u00e4hlt. Bei vielen ArbeiterInnen verfingen ihre Parolen gegen Plutokratie und Bonzen. Bis ihnen 1933 die Macht \u00fcbergeben wurde. Und auch dann, so viel Selbstkritik muss sein, haben unsere Funktion\u00e4re noch geglaubt, man m\u00fcsse mit den Nazis zusammen den Tag der Arbeit feiern.<br \/>\nAm 2. Mai 1933 aber wurden ihnen gewaltsam die Augen ge\u00f6ffnet.<br \/>\nEs folgten nicht nur :<br \/>\n\u2022 Zwangs\u00fcberf\u00fchrung in die nationalsozialistische Arbeitsfront und die<br \/>\n\u2022 Internierung und Ermordung besonders aktiver Funktion\u00e4re<br \/>\nsondern auch<br \/>\n\u2022 Lohnsenkungen und Abschaffung der Tarife<br \/>\n\u2022 Ausweitung der Arbeitszeiten<br \/>\n\u2022 Betriebsgemeinschaft statt Betriebsverfassungsgesetz<br \/>\nDem Privatkapital wurde ein Ausbeutungsparadies geschaffen.<br \/>\nSo sah und sieht der angebliche Antikapitalismus von Faschisten aus, wenn sie an der Macht sind. Von Rassismus, Krieg und V\u00f6lkermord habe ich jetzt noch gar nicht gesprochen..<br \/>\nNEIN! Eine Partei, die sich immer wieder auf Parolen solcher Vorv\u00e4ter beruft, mit ihnen spielt, ist keine \u201eganz normale Partei\u201c.<br \/>\nDer DGB und seine Mitgliedsgewerkschaften wie die GEW, f\u00fcr die ich hier spreche, stemmen sich dagegen, eine solche Partei wieder salonf\u00e4hig zu machen.<br \/>\nUnser Aufruf hei\u00dft: Gemeinsam gegen die AfD!<br \/>\nDie AfD hat nicht nur keinerlei L\u00f6sungen f\u00fcr unsere Probleme, sie ist brandgef\u00e4hrlich.<br \/>\nIch habe mich \u00fcber einen facebook-Post der IG-Metall-Jugend sehr gefreut: \u201eDie Mutter aller Probleme ist der Widerspruch zwischen Kapital und Arbeit.\u201c Das ist f\u00fcr uns die passende Antwort auf Biederm\u00e4nner und Brandstifter. Ihr wisst genau wen ich meine. Die wollen uns weis machen, unser Hauptproblem seien Gefl\u00fcchtete. Solche Parolen sind nichts als Brennstoff f\u00fcr faschistoide Brandbeschleuniger wie Bernd H\u00f6cke.<br \/>\nDeshalb jetzt ein Lied, das ich von einer Volksmusikgruppe, den Neurosenheimern, gelernt habe. Da ich kein Oberbayrisch kann, hab ich es in unsere Mundart \u201e\u00fcbersetzt\u201c:<\/p>\n<p>An de Grenze stehnse Schlange un die Dornhalle san voll<br \/>\nun kaaner von uns waa\u00df recht wimmer do mit umgehn soll<br \/>\nMacht Platz in eure K\u00f6pp un denkt euch in die Mensche noi,<br \/>\nweil z&#8217;ammhalte und z&#8217;ammwachse werd unumg\u00e4nglich soi<br \/>\nMir ham doch Platz do,<br \/>\nihr habt noch Platz do.<br \/>\nKomm her un&#8216; r\u00fcck e St\u00fcck &#8211; blo\u00df<br \/>\nuff goar kaan Fall nach rechts!<br \/>\nHe mach doch Platz do<br \/>\nmir ham noch Platz do<br \/>\nUn glaab mer, blo\u00df weil \u00e4bbes fremm&#8216; is<br \/>\nis des doch ni schlecht<br \/>\n\/\/:da da da deida, da da da deida \u2026<br \/>\nPlatz, Platz, macht doch einfach Platz!:\/\/<br \/>\nSie zeiche im Advent de Welt, wie christlich dasse san<br \/>\nun&#8216; j\u00e4hrlich guckt mer mit de Kinn&#8216; die Herbergsuche an.<br \/>\nUn&#8216; wenn statt Josef un Maria de Ahmed drau\u00dfe kloppt<br \/>\ndann sachese wie seller Wert: is alles voll \u2013 Halt! Stopp!<br \/>\nDoch mir ham Platz do,<br \/>\nihr habt doch Platz do<br \/>\n&#8230;<br \/>\nFragt dochemol die Alte, wer die uffgenumme hot.<br \/>\nVor 70 Johr: wie sanse do gestanne in de Not<br \/>\nun nit lang her warn unser Leit vertriewe in de Welt<br \/>\ndoch wenn&#8217;s aam gut geht dann vergisst mer schnell was werklich z\u00e4hlt.<br \/>\nDrum macht jetz Platz do,<br \/>\nmir ham doch Platz do<br \/>\n&#8230;<br \/>\nWenn aaner alles lieche l\u00e4sst, entflieht nur kapp em Dood,<br \/>\nsich uffmacht uff&#8217;m Viehtransport un&#8216; \u00fcwwers Meer im Boot<br \/>\nwenn der sich mit zwohunnerd in die Dornhall&#8216; zw\u00e4ngt, sei still,<br \/>\ndann nit weil er schmarotze, doch nur weil er l\u00e4we will.<br \/>\nDrum macht jetz Platz do,<br \/>\nmir ham noch Platz do<br \/>\n&#8230;<\/p>\n<!--[if lt IE 9]><script>document.createElement('audio');<\/script><![endif]-->\n<audio class=\"wp-audio-shortcode\" id=\"audio-389-1\" preload=\"none\" style=\"width: 100%;\" controls=\"controls\"><source type=\"audio\/mpeg\" src=\"https:\/\/www.attac-netzwerk.de\/fileadmin\/user_upload\/Gruppen\/Aschaffenburg\/songs\/platz_do.mp3?_=1\" \/><a href=\"https:\/\/www.attac-netzwerk.de\/fileadmin\/user_upload\/Gruppen\/Aschaffenburg\/songs\/platz_do.mp3\">https:\/\/www.attac-netzwerk.de\/fileadmin\/user_upload\/Gruppen\/Aschaffenburg\/songs\/platz_do.mp3<\/a><\/audio>\n<p>weitere Infos:<\/p>\n<p><a href=\"https:\/\/www.main-echo.de\/mediathek\/videos\/sts6763,10178\" target=\"_blank\" rel=\"noopener\">https:\/\/www.main-echo.de\/mediathek\/videos\/sts6763,10178<\/a><\/p>\n<p>&nbsp;<\/p>\n","protected":false},"excerpt":{"rendered":"<p>Lied- und Redebeitrag des Koll. R. Frankl auf dem &#8222;Fest der Vielfalt&#8220; anl\u00e4sslich des Auftritts von Bernd H\u00f6cke in Elsenfeld Liebe \u201eFestgemeinde\u201c liebe Kolleginnen und Kollegen, die Gewerkschaften haben ihre Lehren aus der Geschichte gezogen. Auch die NSDAP wurde nach der Weltwirtschaftskrise 1929 als so genannte ganz normale Partei demokratisch gew\u00e4hlt. Bei vielen ArbeiterInnen verfingen<\/p><\/div>\n<div class=\"blog-btn\"><a href=\"https:\/\/gew-unterfranken.de\/?p=389\" class=\"home-blog-btn\">Weiterlesen<\/a><\/p>\n","protected":false},"author":2,"featured_media":390,"comment_status":"closed","ping_status":"closed","sticky":false,"template":"","format":"standard","meta":[],"categories":[13,28,24],"tags":[3,29],"_links":{"self":[{"href":"https:\/\/gew-unterfranken.de\/index.php?rest_route=\/wp\/v2\/posts\/389"}],"collection":[{"href":"https:\/\/gew-unterfranken.de\/index.php?rest_route=\/wp\/v2\/posts"}],"about":[{"href":"https:\/\/gew-unterfranken.de\/index.php?rest_route=\/wp\/v2\/types\/post"}],"author":[{"embeddable":true,"href":"https:\/\/gew-unterfranken.de\/index.php?rest_route=\/wp\/v2\/users\/2"}],"replies":[{"embeddable":true,"href":"https:\/\/gew-unterfranken.de\/index.php?rest_route=%2Fwp%2Fv2%2Fcomments&post=389"}],"version-history":[{"count":4,"href":"https:\/\/gew-unterfranken.de\/index.php?rest_route=\/wp\/v2\/posts\/389\/revisions"}],"predecessor-version":[{"id":395,"href":"https:\/\/gew-unterfranken.de\/index.php?rest_route=\/wp\/v2\/posts\/389\/revisions\/395"}],"wp:featuredmedia":[{"embeddable":true,"href":"https:\/\/gew-unterfranken.de\/index.php?rest_route=\/wp\/v2\/media\/390"}],"wp:attachment":[{"href":"https:\/\/gew-unterfranken.de\/index.php?rest_route=%2Fwp%2Fv2%2Fmedia&parent=389"}],"wp:term":[{"taxonomy":"category","embeddable":true,"href":"https:\/\/gew-unterfranken.de\/index.php?rest_route=%2Fwp%2Fv2%2Fcategories&post=389"},{"taxonomy":"post_tag","embeddable":true,"href":"https:\/\/gew-unterfranken.de\/index.php?rest_route=%2Fwp%2Fv2%2Ftags&post=389"}],"curies":[{"name":"wp","href":"https:\/\/api.w.org\/{rel}","templated":true}]}}