{"id":387,"date":"2018-09-16T20:31:06","date_gmt":"2018-09-16T20:31:06","guid":{"rendered":"http:\/\/gew-unterfranken.de\/?p=387"},"modified":"2018-09-16T20:44:41","modified_gmt":"2018-09-16T20:44:41","slug":"in-jeder-schule-fehlt-eine-lehrkraft","status":"publish","type":"post","link":"https:\/\/gew-unterfranken.de\/?p=387","title":{"rendered":"In jeder Schule fehlt eine Lehrkraft"},"content":{"rendered":"<p>GEW Unterfranken widerspricht Regierung von Unterfanken zum Schulanfang: Unterrichtsversorgung bedroht<\/p>\n<p>Die Bildungsgewerkschaft GEW sieht im Gegensatz zur Regierung von Unterfranken zum Schulanfang keine Erleichterung in der Lehrkr\u00e4fteversorgung. &#8222;Der Druck auf Kolleginnen und Kollegen, Kinder und Jugendliche und Eltern bleibt bestehen, da keinen einzige Lehrkraft zus\u00e4tzlich eingestellt wurde&#8220;, sagt der GEW-Bezirksverbandsvorsitzende Martin Heilig zum Schulanfang. &#8222;In jeder unterfr\u00e4nkischen Schule fehlt statistisch eine Lehrkraft.&#8220; Das f\u00fchre zu Belastungen der Kolleginnen und Kollegen, der Sch\u00fclerinnen und Sch\u00fcler und der Eltern.<\/p>\n<p>Grund- und Mittelschulen<\/p>\n<p>Lehrkr\u00e4fte an Grund- und Mittelschulen m\u00fcssen mit 28 Unterrichtsstunden (29 f\u00fcr Fach- und F\u00f6rderlehrkr\u00e4fte) in der Woche ein Drittel mehr arbeiten als ihre Kolleginnen und Kollegen in den weiterf\u00fchrenden Schulen und bekommen bis zu 500 \u20ac weniger. &#8222;Kleine Kinder, gro\u00dfes Gehalt: das gleiche Einstiegsgehalt f\u00fcr alle Lehrkr\u00e4fte!&#8220; fordert Heilig. ((https:\/\/www.gew-bayern.de\/aktuelles\/detailseite\/neuigkeiten\/gew-bayern-macht-fuer-ja13-mobil-1\/))<\/p>\n<p>Der Personalmangel f\u00fchrt zu massiven Problemen in Unterfranken: p\u00e4dagogisch geteilte Klassen werden zusammengelegt, F\u00f6rderlehrkr\u00e4fte, die nocheinmal weniger verdienen als Mittelschullehrkr\u00e4fte, \u00fcbernehmen Unterrichtsverantwortung statt individuell zu f\u00f6rdern, Kolleginnen und Kollegen trauen sich nicht, krank zu sein, um die Kinder nicht durch Stundenausfall zu belasten, verschleppen und fallen schlie\u00dflich l\u00e4nger oder ganz aus, die Mobile Reserve, die bei Krankheit oder Fortbildungen eigentlich einspringen soll, ist schon am Schuljahresanfang so fest verplant, dass sie ihre Springeraufgaben nicht mehr erf\u00fcllen k\u00f6nnen, Kolleginnen werden gebeten, im Krankenstand doch bitte Stunden vorzubereiten oder zu korrigieren.<\/p>\n<p>Auch die Zweitqualifikation von schulartfremden Lehrkr\u00e4ften belastet alle Betroffenen: Die jungen Realschul- und Gymnasiallehrkr\u00e4fte in Grund- und Mittelschulen m\u00fcssten neben dem anstrengenden Unterricht sich weiterbilden, die Stammlehrkr\u00e4fte sehen sich in der Pflicht, ihre unerfahrenen Kolleginnen und Kollegen zu unterst\u00fctzen, die Sch\u00fclerinnen und Sch\u00fcler haben keine Kontinuit\u00e4t: &#8222;Sie k\u00f6nnen einem eigentlich sehr guten Fahrzeug, das aber \u00fcberladen ist, nicht noch mehr aufb\u00fcrden, ohne dass es zusammenbricht,&#8220; so Heilig.<\/p>\n<p>&#8222;Schlie\u00dflich gingen Eltern auf die Barrikaden, weil \u00fcberlastete Lehrkr\u00e4fte deren Erwartungen nicht entsprachen,&#8220; wei\u00df Heilig. Doch die Vorgesetzten unterst\u00fctzen den Elternprotest, melden Stundenausf\u00e4lle nicht und erh\u00f6hten den Druck auf ihre Kolleginnen und Kollegen. Die Betroffenen f\u00fchlen sich hilflos. Das l\u00e4ge auch daran, dass Personalr\u00e4te der Lehrervereine oft Schulleiter sind. &#8222;So bleibt nur die Rechtsberatung der GEW-Personalr\u00e4te, um wirksame Hilfe zu leisten.&#8220;<\/p>\n<p>Die GEW erwartet im Gegensatz zur Regierung von Unterfranken auch im Jahr 2018\/2019 wieder massive Unterrichtsausf\u00e4lle, verunsicherte Lehrkr\u00e4fte, die sich nicht trauen, krank zu sein oder auf Fortbildung zu gehen, und Sch\u00fclerinnen und Sch\u00fcler, die ihre Ziele nicht erreichen: jeder Zehnte verl\u00e4sst die Schule ohne Abschluss, nur ein Drittel erreicht den der Realschule gleichwertigen Mittleren Schulabschluss an der Mittelschule. &#8222;Wir brauchen wieder mehr Zukunft in den Grund- und Mittelschulen&#8220;, so Heilig.<\/p>\n<p>Gymnasium und Realschulen<\/p>\n<p>Es finden sich heuer gut ausgebildete 2300 Gymnasial- und 1800 Realschullehrkr\u00e4fte auf der Stra\u00dfe wieder: die haben zwar die Hoffnung, wenigstens befristet angestellt zu werden oder mit einer Zusatzqualifikation in Grund- und Mittelschulen Arbeit zu finden. &#8222;Doch was f\u00fcr eine Ressourcenverschwendung&#8220;, sorgt sich Martin Heilig. &#8222;Wir brauchen ein gemeinsames Grundstudium f\u00fcr alle Lehr\u00e4mter, damit endlich Flexibilit\u00e4t zwischen den Schularten und Professionalit\u00e4t zusammen gehen.&#8220; Die R\u00fcckkehr zum neunj\u00e4hrigen Gymnasium wird allgemein begr\u00fc\u00dft. &#8222;Aber die Personalausstattung mit Klassenleitungsstunden und Sozialp\u00e4dagoginnen und \u2013p\u00e4dagogen muss endlich umgesetzt werden,&#8220; fordert Heilig.<\/p>\n<p>Berufliche Schulen<\/p>\n<p>Die hohe Qualit\u00e4t der dualen Ausbildung sieht die Bildungsgewerkschaft auch in Unterfranken bedroht. &#8222;Im Kampf um die K\u00f6pfe entscheiden die Arbeitsbedingungen und das Einkommen,&#8220; wei\u00df Heilig. Schon jetzt m\u00fcssten Kurse zusammengelegt werden, Unterricht entfalle und Auszubildende erreichten ihre Ziele nicht: ein Viertel breche die Ausbildung ab.<\/p>\n<p>F\u00f6rderschulen<\/p>\n<p>Die Schulart, die mit hoher Professionalit\u00e4t und Kollegialit\u00e4t die Schw\u00e4chsten in der Gesellschaft auf eben diese vorbereitet, stehe ebenfalls unter Druck. &#8222;Wir brauchen schon wegen EU-Behindertenrechtskonvention mehr Sonderp\u00e4dgogik in den Regelschulen,&#8220; wei\u00df der GEW-Bezirksvorsitzende. &#8222;Aber dieser Mobile Sonderp\u00e4dagogische Dienst d\u00fcrfe dann nicht an den F\u00f6rderschulen fehlen, gro\u00dfe Klassen verursachen und Lehrkr\u00e4fte, Sch\u00fclerinnen und Sch\u00fcler und Eltern belasten.&#8220; ((https:\/\/www.behindertenrechtskonvention.info\/inklusion-3693\/))<\/p>\n<p>Folgen<\/p>\n<p>&#8222;Lehrkr\u00e4fte in Unterfranken arbeiten am Limit&#8220;, fasst Heilig zusammen. Der bayerische Staat muss seine Hausaufgaben machen:<\/p>\n<p>&#8211; gleiche Bezahlung der Lehrkr\u00e4fte an allen Schularten<\/p>\n<p>&#8211; vorausschauende Personalplanung<\/p>\n<p>&#8211; gemeinsames Grund-Studium aller Lehr\u00e4mter zur Ausbildung von Stufenlehrkr\u00e4ften<\/p>\n<p>&#8211; Ende des Befristungsunwesens und der Kettenvertr\u00e4ge<\/p>\n<p>&#8211; l\u00e4ngeres gemeinsames Lernen aller Sch\u00fclerinnen und Sch\u00fcler mit den entsprechenden Ressourcen ausstatten<\/p>\n<p>Die GEW Unterfranken bietet betroffenen Kolleginnen und Kollegen Rechtschutz, Fortbildungen und Beratung bei beruflichen Problemen f\u00fcr alle Lehrkr\u00e4fte und Besch\u00e4ftigte in Bildungsberufen: www.gew-unterfranken.de<\/p>\n<p>Quellen<\/p>\n<p>Das Staatsministerium sucht h\u00e4nderingend nach Lehrkr\u00e4ften (Stichwort &#8222;Volleinstellung&#8220;), Seiten- oder Quereinsteiger ohne dreimonatige Mindesqualifikation &#8222;on the job&#8220;, Zusatzqualifikanten oder Reaktivierung von Pensionistinnen und Pensionisten sind nicht einmal eine mittelfristige L\u00f6sung. In W\u00fcrzburg wurden im Juli 2018 schon 500 Kinder mehr geboren als zwei Jahre zuvor. Die erreichen 2014 die Grundschulen:<\/p>\n<p><a href=\"https:\/\/www.km.bayern.de\/lehrer\/meldung\/6106\/neueinstellungen-ueber-4200-lehrerinnen-und-lehrer-zum-kommenden-schuljahr.html\">https:\/\/www.km.bayern.de\/lehrer\/meldung\/6106\/neueinstellungen-ueber-4200-lehrerinnen-und-lehrer-zum-kommenden-schuljahr.html<\/a><\/p>\n<p>Die GEW kritisiert die kurzsichtige Einstellungspolitik:<\/p>\n<p>Bayern: <a href=\"https:\/\/www.gew-bayern.de\/aktuelles\/detailseite\/neuigkeiten\/bildungsgewerkschaft-gew-zum-schulbeginn-in-bayern\/\">https:\/\/www.gew-bayern.de\/aktuelles\/detailseite\/neuigkeiten\/bildungsgewerkschaft-gew-zum-schulbeginn-in-bayern\/<\/a><\/p>\n<p>https:\/\/www.gew-bayern.de\/aktuelles\/detailseite\/neuigkeiten\/gew-bayern-weist-angriffe-gegen-paedagogisches-fachpersonal-zurueck\/<\/p>\n<p>Bund:<\/p>\n<p><a href=\"https:\/\/www.ardmediathek.de\/tv\/Morgenmagazin\/Lehrermangel-Gewerkschafter-schlagen-Al\/Das-Erste\/Video?bcastId=435054&amp;documentId=55268050\">https:\/\/www.ardmediathek.de\/tv\/Morgenmagazin\/Lehrermangel-Gewerkschafter-schlagen-Al\/Das-Erste\/Video?bcastId=435054&amp;documentId=55268050<\/a><\/p>\n<p><a href=\"https:\/\/www.youtube.com\/watch?v=u44OmLRu4Kk\">https:\/\/www.youtube.com\/watch?v=u44OmLRu4Kk<\/a>\u00a0.<\/p>\n<p><a href=\"https:\/\/www.rtl.de\/cms\/arbeitslos-in-die-sommerferien-fuer-tausende-lehrer-immer-noch-realitaet-4189060.html\">https:\/\/www.rtl.de\/cms\/arbeitslos-in-die-sommerferien-fuer-tausende-lehrer-immer-noch-realitaet-4189060.html<\/a><\/p>\n<p>Inzwischen ist der Lehrkr\u00e4ftemangel auch in der Satire angekommen:<br \/>\n<a href=\"https:\/\/www.ardmediathek.de\/tv\/extra-3\/Lehrermangel-in-Deutschland\/NDR-Fernsehen\/Video?bcastId=3709210&amp;documentId=55137114\">https:\/\/www.ardmediathek.de\/tv\/extra-3\/Lehrermangel-in-Deutschland\/NDR-Fernsehen\/Video?bcastId=3709210&amp;documentId=55137114<\/a><\/p>\n","protected":false},"excerpt":{"rendered":"<p>GEW Unterfranken widerspricht Regierung von Unterfanken zum Schulanfang: Unterrichtsversorgung bedroht Die Bildungsgewerkschaft GEW sieht im Gegensatz zur Regierung von Unterfranken zum Schulanfang keine Erleichterung in der Lehrkr\u00e4fteversorgung. &#8222;Der Druck auf Kolleginnen und Kollegen, Kinder und Jugendliche und Eltern bleibt bestehen, da keinen einzige Lehrkraft zus\u00e4tzlich eingestellt wurde&#8220;, sagt der GEW-Bezirksverbandsvorsitzende Martin Heilig zum Schulanfang. &#8222;In<\/p><\/div>\n<div class=\"blog-btn\"><a href=\"https:\/\/gew-unterfranken.de\/?p=387\" class=\"home-blog-btn\">Weiterlesen<\/a><\/p>\n","protected":false},"author":2,"featured_media":184,"comment_status":"closed","ping_status":"closed","sticky":false,"template":"","format":"standard","meta":[],"categories":[24,25],"tags":[26,7],"_links":{"self":[{"href":"https:\/\/gew-unterfranken.de\/index.php?rest_route=\/wp\/v2\/posts\/387"}],"collection":[{"href":"https:\/\/gew-unterfranken.de\/index.php?rest_route=\/wp\/v2\/posts"}],"about":[{"href":"https:\/\/gew-unterfranken.de\/index.php?rest_route=\/wp\/v2\/types\/post"}],"author":[{"embeddable":true,"href":"https:\/\/gew-unterfranken.de\/index.php?rest_route=\/wp\/v2\/users\/2"}],"replies":[{"embeddable":true,"href":"https:\/\/gew-unterfranken.de\/index.php?rest_route=%2Fwp%2Fv2%2Fcomments&post=387"}],"version-history":[{"count":2,"href":"https:\/\/gew-unterfranken.de\/index.php?rest_route=\/wp\/v2\/posts\/387\/revisions"}],"predecessor-version":[{"id":392,"href":"https:\/\/gew-unterfranken.de\/index.php?rest_route=\/wp\/v2\/posts\/387\/revisions\/392"}],"wp:featuredmedia":[{"embeddable":true,"href":"https:\/\/gew-unterfranken.de\/index.php?rest_route=\/wp\/v2\/media\/184"}],"wp:attachment":[{"href":"https:\/\/gew-unterfranken.de\/index.php?rest_route=%2Fwp%2Fv2%2Fmedia&parent=387"}],"wp:term":[{"taxonomy":"category","embeddable":true,"href":"https:\/\/gew-unterfranken.de\/index.php?rest_route=%2Fwp%2Fv2%2Fcategories&post=387"},{"taxonomy":"post_tag","embeddable":true,"href":"https:\/\/gew-unterfranken.de\/index.php?rest_route=%2Fwp%2Fv2%2Ftags&post=387"}],"curies":[{"name":"wp","href":"https:\/\/api.w.org\/{rel}","templated":true}]}}