{"id":37768,"date":"2021-05-16T18:20:49","date_gmt":"2021-05-16T18:20:49","guid":{"rendered":"http:\/\/gew-unterfranken.de\/?p=37768"},"modified":"2021-05-16T18:35:05","modified_gmt":"2021-05-16T18:35:05","slug":"diesmal-gew-3","status":"publish","type":"post","link":"https:\/\/gew-unterfranken.de\/?p=37768","title":{"rendered":"Diesmal GEW &#8230;"},"content":{"rendered":"\n<h3>&#8230; in den \u00d6rtlichen Personalr\u00e4ten<\/h3>\n\n\n\n<p>Diesmal GEW! Wir setzen uns ein!<\/p>\n\n\n\n<p>Auch auf der Ebene des Schulamtsbezirks entscheiden wir GEW-Personalr\u00e4t:innen mit, setzen uns ein und helfen so den Kolleginnen und Kollegen zur Durchsetzung ihrer Recht. In folgenden Schulamtsbezirken trott die GEW Bayern mit eigenen Listen an.&nbsp;<\/p>\n\n\n\n<p>Aschaffenburg Land: <a href=\"https:\/\/www.gew-bayern.de\/fileadmin\/media\/images\/by\/PERS_GEWBAY\/Personalratswahl-2021\/OEPR\/ufr-gms-AB-L-fly.pdf\">Vorstellungsflyer <\/a>\u2013 <a href=\"https:\/\/www.gew-bayern.de\/fileadmin\/media\/images\/by\/PERS_GEWBAY\/Personalratswahl-2021\/OEPR\/ufr-gms-AB-L-pl.pdf\">Plakat<\/a><\/p>\n\n\n\n<p>Aschaffenburg Stadt: <a href=\"https:\/\/www.gew-bayern.de\/fileadmin\/media\/images\/by\/PERS_GEWBAY\/Personalratswahl-2021\/OEPR\/ufr-gms-AB-S-fly-.pdf\">Vorstellungsflyer <\/a>\u2013 <a href=\"https:\/\/www.gew-bayern.de\/fileadmin\/media\/images\/by\/PERS_GEWBAY\/Personalratswahl-2021\/OEPR\/ufr-gms-AB-S-pl.pdf\">Plakat<\/a><\/p>\n\n\n\n<p>Ha\u00dfberge: <a href=\"https:\/\/www.gew-bayern.de\/fileadmin\/media\/images\/by\/PERS_GEWBAY\/Personalratswahl-2021\/OEPR\/ufr-gms-HAS-fly-DL.pdf\">Vorstellungsflyer <\/a>\u2013 <a href=\"https:\/\/www.gew-bayern.de\/fileadmin\/media\/images\/by\/PERS_GEWBAY\/Personalratswahl-2021\/OEPR\/ufr-gms-HAS-pl-alle-.pdf\">Plakat<\/a><\/p>\n\n\n\n<p>Kitzingen Stadt: <a href=\"https:\/\/www.gew-bayern.de\/fileadmin\/media\/images\/by\/PERS_GEWBAY\/Personalratswahl-2021\/OEPR\/ufr-gms-KT-fly-DL.pdf\">Vorstellungsflyer <\/a>\u2013 <a href=\"https:\/\/www.gew-bayern.de\/fileadmin\/media\/images\/by\/PERS_GEWBAY\/Personalratswahl-2021\/OEPR\/ufr-gms-KT-pl-alle.pdf\">Plakat<\/a><\/p>\n\n\n\n<p>Main-Spessart: <a href=\"https:\/\/www.gew-bayern.de\/fileadmin\/media\/images\/by\/PERS_GEWBAY\/Personalratswahl-2021\/OEPR\/ufr-gms-MSP-fly-DL-.pdf\">Vorstellungsflyer <\/a>\u2013 <a href=\"https:\/\/www.gew-bayern.de\/fileadmin\/media\/images\/by\/PERS_GEWBAY\/Personalratswahl-2021\/OEPR\/ufr-gms-MSP-pl-A3-alle.pdf\">Plakat<\/a><\/p>\n\n\n\n<p>Rh\u00f6n-Grabfeld: <a href=\"https:\/\/www.gew-bayern.de\/fileadmin\/media\/images\/by\/PERS_GEWBAY\/Personalratswahl-2021\/OEPR\/ufr-gms-RG-fly-DL.pdf\">Vorstellungsflyer <\/a>\u2013 <a href=\"https:\/\/www.gew-bayern.de\/fileadmin\/media\/images\/by\/PERS_GEWBAY\/Personalratswahl-2021\/OEPR\/ufr-gms-RG-pl-alle.pdf\">Plakat<\/a><\/p>\n\n\n\n<p>Schweinfurt Stadt: <a href=\"https:\/\/www.gew-bayern.de\/fileadmin\/media\/images\/by\/PERS_GEWBAY\/Personalratswahl-2021\/OEPR\/ufr-gms-SW-S-fly-DL.pdf\">Vorstellungsflyer <\/a>\u2013 <a href=\"https:\/\/www.gew-bayern.de\/fileadmin\/media\/images\/by\/PERS_GEWBAY\/Personalratswahl-2021\/OEPR\/ufr-gms-SW-S-pl-alle.pdf\">Plakat<\/a><\/p>\n\n\n\n<p>W\u00fcrzburg Land: <a href=\"https:\/\/www.gew-bayern.de\/fileadmin\/media\/images\/by\/PERS_GEWBAY\/Personalratswahl-2021\/OEPR\/ufr-gms-WUE-L-fly.pdf\">Vorstellungsflyer <\/a>\u2013 <a href=\"https:\/\/www.gew-bayern.de\/fileadmin\/media\/images\/by\/PERS_GEWBAY\/Personalratswahl-2021\/OEPR\/ufr-gms-WUE-L-pl-alle.pdf\">Plakat<\/a><\/p>\n\n\n\n<p>W\u00fcrzburg Stadt: <a href=\"https:\/\/www.gew-bayern.de\/fileadmin\/media\/images\/by\/PERS_GEWBAY\/Personalratswahl-2021\/OEPR\/ufr-gms-WUE-S-fly-DL.pdf\">Vorstellungsflyer <\/a>\u2013 <a href=\"https:\/\/www.gew-bayern.de\/fileadmin\/media\/images\/by\/PERS_GEWBAY\/Personalratswahl-2021\/OEPR\/ufr-gms-WUE-S-pl-alle.pdf\">Plakat<\/a><\/p>\n\n\n\n<p>Miltenberg: <a href=\"https:\/\/www.gew-bayern.de\/fileadmin\/media\/images\/by\/PERS_GEWBAY\/Personalratswahl-2021\/OEPR\/ufr-gms-MIL-fly-.pdf\">Vorstellungsflyer <\/a>\u2013 <a href=\"https:\/\/www.gew-bayern.de\/fileadmin\/media\/images\/by\/PERS_GEWBAY\/Personalratswahl-2021\/OEPR\/ufr-gms-MIL-pl.pdf\">Plakat<\/a><\/p>\n\n\n\n<p>Schweinfurt Land: <a href=\"https:\/\/www.gew-bayern.de\/fileadmin\/media\/images\/by\/PERS_GEWBAY\/Personalratswahl-2021\/OEPR\/ufr-gms-SW-L-KG-fly.pdf\">Vorstellungsflyer <\/a>\u2013 <a href=\"https:\/\/www.gew-bayern.de\/fileadmin\/media\/images\/by\/PERS_GEWBAY\/Personalratswahl-2021\/OEPR\/ufr-gms-SW-L-KG-pl.pdf\">Plakat<\/a><\/p>\n","protected":false},"excerpt":{"rendered":"<p>&#8230; in den \u00d6rtlichen Personalr\u00e4ten Diesmal GEW! Wir setzen uns ein! Auch auf der Ebene des Schulamtsbezirks entscheiden wir GEW-Personalr\u00e4t:innen mit, setzen uns ein und helfen so den Kolleginnen und Kollegen zur Durchsetzung ihrer Recht. In folgenden Schulamtsbezirken trott die GEW Bayern mit eigenen Listen an.&nbsp; Aschaffenburg Land: Vorstellungsflyer \u2013 Plakat Aschaffenburg Stadt: Vorstellungsflyer \u2013<\/p><\/div>\n<div class=\"blog-btn\"><a href=\"https:\/\/gew-unterfranken.de\/?p=37768\" class=\"home-blog-btn\">Weiterlesen<\/a><\/p>\n","protected":false},"author":2,"featured_media":37787,"comment_status":"closed","ping_status":"closed","sticky":false,"template":"","format":"standard","meta":[],"categories":[42,15],"tags":[7],"_links":{"self":[{"href":"https:\/\/gew-unterfranken.de\/index.php?rest_route=\/wp\/v2\/posts\/37768"}],"collection":[{"href":"https:\/\/gew-unterfranken.de\/index.php?rest_route=\/wp\/v2\/posts"}],"about":[{"href":"https:\/\/gew-unterfranken.de\/index.php?rest_route=\/wp\/v2\/types\/post"}],"author":[{"embeddable":true,"href":"https:\/\/gew-unterfranken.de\/index.php?rest_route=\/wp\/v2\/users\/2"}],"replies":[{"embeddable":true,"href":"https:\/\/gew-unterfranken.de\/index.php?rest_route=%2Fwp%2Fv2%2Fcomments&post=37768"}],"version-history":[{"count":2,"href":"https:\/\/gew-unterfranken.de\/index.php?rest_route=\/wp\/v2\/posts\/37768\/revisions"}],"predecessor-version":[{"id":37770,"href":"https:\/\/gew-unterfranken.de\/index.php?rest_route=\/wp\/v2\/posts\/37768\/revisions\/37770"}],"wp:featuredmedia":[{"embeddable":true,"href":"https:\/\/gew-unterfranken.de\/index.php?rest_route=\/wp\/v2\/media\/37787"}],"wp:attachment":[{"href":"https:\/\/gew-unterfranken.de\/index.php?rest_route=%2Fwp%2Fv2%2Fmedia&parent=37768"}],"wp:term":[{"taxonomy":"category","embeddable":true,"href":"https:\/\/gew-unterfranken.de\/index.php?rest_route=%2Fwp%2Fv2%2Fcategories&post=37768"},{"taxonomy":"post_tag","embeddable":true,"href":"https:\/\/gew-unterfranken.de\/index.php?rest_route=%2Fwp%2Fv2%2Ftags&post=37768"}],"curies":[{"name":"wp","href":"https:\/\/api.w.org\/{rel}","templated":true}]}}