{"id":37766,"date":"2021-05-16T18:18:05","date_gmt":"2021-05-16T18:18:05","guid":{"rendered":"http:\/\/gew-unterfranken.de\/?p=37766"},"modified":"2021-05-16T18:50:49","modified_gmt":"2021-05-16T18:50:49","slug":"diesmal-gew-2","status":"publish","type":"post","link":"https:\/\/gew-unterfranken.de\/?p=37766","title":{"rendered":"Diesmal GEW &#8230;"},"content":{"rendered":"\n<h3>&#8230; in den Bezirkspersonalrat Unterfranken<\/h3>\n\n\n\n<p>Diesmal GEW! Wir setzen uns ein!<\/p>\n\n\n\n<p>Im Bezirkspersonalrat setzen wir uns f\u00fcr die Belange der Grund- und Mittelschullehrkr\u00e4fte auf der Ebene des Regierungsbezirks ein. Auf dieser Ebene sind wir auch f\u00fcr die Lehramtsanw\u00e4rter:innen zust\u00e4ndig. Die GEW-Personalr\u00e4t:innen beraten dich kompetent in Fragen des Personalrechts. Wir stellen die Mitbestimmung sicher, verhandeln Arbeitszeiten und Teilzeitantr\u00e4ge oder entscheiden bei Einstellungen, Versetzungen oder Abordnungen mit.<\/p>\n\n\n\n<p>Also diesmal GEW!<\/p>\n\n\n\n<p><a href=\"https:\/\/www.gew-bayern.de\/fileadmin\/media\/images\/by\/PERS_GEWBAY\/Personalratswahl-2021\/BPR\/GMS\/ufr-gms-fly-.pdf\">Vorstellungsflyer <\/a>\u2013 <a href=\"https:\/\/www.gew-bayern.de\/fileadmin\/media\/images\/by\/PERS_GEWBAY\/Personalratswahl-2021\/BPR\/GMS\/ufr-gms-pl.pdf\">Plakat<\/a><\/p>\n","protected":false},"excerpt":{"rendered":"<p>&#8230; in den Bezirkspersonalrat Unterfranken Diesmal GEW! Wir setzen uns ein! Im Bezirkspersonalrat setzen wir uns f\u00fcr die Belange der Grund- und Mittelschullehrkr\u00e4fte auf der Ebene des Regierungsbezirks ein. Auf dieser Ebene sind wir auch f\u00fcr die Lehramtsanw\u00e4rter:innen zust\u00e4ndig. Die GEW-Personalr\u00e4t:innen beraten dich kompetent in Fragen des Personalrechts. Wir stellen die Mitbestimmung sicher, verhandeln Arbeitszeiten<\/p><\/div>\n<div class=\"blog-btn\"><a href=\"https:\/\/gew-unterfranken.de\/?p=37766\" class=\"home-blog-btn\">Weiterlesen<\/a><\/p>\n","protected":false},"author":2,"featured_media":37788,"comment_status":"closed","ping_status":"closed","sticky":false,"template":"","format":"standard","meta":[],"categories":[42,15],"tags":[7],"_links":{"self":[{"href":"https:\/\/gew-unterfranken.de\/index.php?rest_route=\/wp\/v2\/posts\/37766"}],"collection":[{"href":"https:\/\/gew-unterfranken.de\/index.php?rest_route=\/wp\/v2\/posts"}],"about":[{"href":"https:\/\/gew-unterfranken.de\/index.php?rest_route=\/wp\/v2\/types\/post"}],"author":[{"embeddable":true,"href":"https:\/\/gew-unterfranken.de\/index.php?rest_route=\/wp\/v2\/users\/2"}],"replies":[{"embeddable":true,"href":"https:\/\/gew-unterfranken.de\/index.php?rest_route=%2Fwp%2Fv2%2Fcomments&post=37766"}],"version-history":[{"count":1,"href":"https:\/\/gew-unterfranken.de\/index.php?rest_route=\/wp\/v2\/posts\/37766\/revisions"}],"predecessor-version":[{"id":37767,"href":"https:\/\/gew-unterfranken.de\/index.php?rest_route=\/wp\/v2\/posts\/37766\/revisions\/37767"}],"wp:featuredmedia":[{"embeddable":true,"href":"https:\/\/gew-unterfranken.de\/index.php?rest_route=\/wp\/v2\/media\/37788"}],"wp:attachment":[{"href":"https:\/\/gew-unterfranken.de\/index.php?rest_route=%2Fwp%2Fv2%2Fmedia&parent=37766"}],"wp:term":[{"taxonomy":"category","embeddable":true,"href":"https:\/\/gew-unterfranken.de\/index.php?rest_route=%2Fwp%2Fv2%2Fcategories&post=37766"},{"taxonomy":"post_tag","embeddable":true,"href":"https:\/\/gew-unterfranken.de\/index.php?rest_route=%2Fwp%2Fv2%2Ftags&post=37766"}],"curies":[{"name":"wp","href":"https:\/\/api.w.org\/{rel}","templated":true}]}}