{"id":377,"date":"2018-07-03T08:47:18","date_gmt":"2018-07-03T08:47:18","guid":{"rendered":"http:\/\/gew-unterfranken.de\/?p=377"},"modified":"2018-07-03T12:24:42","modified_gmt":"2018-07-03T12:24:42","slug":"einladung-sommerfest-der-gew-ab-mil","status":"publish","type":"post","link":"https:\/\/gew-unterfranken.de\/?p=377","title":{"rendered":"Einladung: Sommerfest der GEW AB-MIL"},"content":{"rendered":"<p>Die GEW AB-MIL l\u00e4dt ihre Mitglieder zum j\u00e4hrlichen Sommerfest ein.<\/p>\n<p>Ort: kunstLANDing, <span class=\"_2iem\">Landingstra\u00dfe 16<\/span><\/p>\n<p>Wir beginnen am 18 Juli um 17:00Uhr mit einer F\u00fchrung durch die Ausstellung <a href=\"https:\/\/www.kunstlanding.de\/ausstellungen\/speicher\/\" target=\"_blank\" rel=\"noopener\">\u201eSpeicher\u201c<\/a>, anschlie\u00dfend feiern wir im begr\u00fcnten Innenhof. Getr\u00e4nke sind an der Vereinstheke erh\u00e4ltlich, belegte Br\u00f6tchen stehen bereit. Gr\u00f6\u00dferen Hunger kann die im Umkreis liegende Gastronomie \u201e\u00fcber die Stra\u00dfe\u201c bedienen.<\/p>\n<p>Wir freuen uns auf eure sommerliche Laune, die ihr mitbringt.<\/p>\n<p>&nbsp;<\/p>\n<p>&nbsp;<\/p>\n","protected":false},"excerpt":{"rendered":"<p>Die GEW AB-MIL l\u00e4dt ihre Mitglieder zum j\u00e4hrlichen Sommerfest ein. Ort: kunstLANDing, Landingstra\u00dfe 16 Wir beginnen am 18 Juli um 17:00Uhr mit einer F\u00fchrung durch die Ausstellung \u201eSpeicher\u201c, anschlie\u00dfend feiern wir im begr\u00fcnten Innenhof. Getr\u00e4nke sind an der Vereinstheke erh\u00e4ltlich, belegte Br\u00f6tchen stehen bereit. Gr\u00f6\u00dferen Hunger kann die im Umkreis liegende Gastronomie \u201e\u00fcber die Stra\u00dfe\u201c<\/p><\/div>\n<div class=\"blog-btn\"><a href=\"https:\/\/gew-unterfranken.de\/?p=377\" class=\"home-blog-btn\">Weiterlesen<\/a><\/p>\n","protected":false},"author":5,"featured_media":383,"comment_status":"closed","ping_status":"closed","sticky":false,"template":"","format":"standard","meta":[],"categories":[13,24],"tags":[3],"_links":{"self":[{"href":"https:\/\/gew-unterfranken.de\/index.php?rest_route=\/wp\/v2\/posts\/377"}],"collection":[{"href":"https:\/\/gew-unterfranken.de\/index.php?rest_route=\/wp\/v2\/posts"}],"about":[{"href":"https:\/\/gew-unterfranken.de\/index.php?rest_route=\/wp\/v2\/types\/post"}],"author":[{"embeddable":true,"href":"https:\/\/gew-unterfranken.de\/index.php?rest_route=\/wp\/v2\/users\/5"}],"replies":[{"embeddable":true,"href":"https:\/\/gew-unterfranken.de\/index.php?rest_route=%2Fwp%2Fv2%2Fcomments&post=377"}],"version-history":[{"count":3,"href":"https:\/\/gew-unterfranken.de\/index.php?rest_route=\/wp\/v2\/posts\/377\/revisions"}],"predecessor-version":[{"id":385,"href":"https:\/\/gew-unterfranken.de\/index.php?rest_route=\/wp\/v2\/posts\/377\/revisions\/385"}],"wp:featuredmedia":[{"embeddable":true,"href":"https:\/\/gew-unterfranken.de\/index.php?rest_route=\/wp\/v2\/media\/383"}],"wp:attachment":[{"href":"https:\/\/gew-unterfranken.de\/index.php?rest_route=%2Fwp%2Fv2%2Fmedia&parent=377"}],"wp:term":[{"taxonomy":"category","embeddable":true,"href":"https:\/\/gew-unterfranken.de\/index.php?rest_route=%2Fwp%2Fv2%2Fcategories&post=377"},{"taxonomy":"post_tag","embeddable":true,"href":"https:\/\/gew-unterfranken.de\/index.php?rest_route=%2Fwp%2Fv2%2Ftags&post=377"}],"curies":[{"name":"wp","href":"https:\/\/api.w.org\/{rel}","templated":true}]}}