{"id":371,"date":"2018-05-23T11:15:23","date_gmt":"2018-05-23T11:15:23","guid":{"rendered":"http:\/\/gew-unterfranken.de\/?p=371"},"modified":"2018-05-23T11:15:23","modified_gmt":"2018-05-23T11:15:23","slug":"tagesseminare-rassismus-und-fremdenfeindlichkeit-in-betrieben-und-dienststellen","status":"publish","type":"post","link":"https:\/\/gew-unterfranken.de\/?p=371","title":{"rendered":"Tagesseminare &#8222;Rassismus und Fremdenfeindlichkeit in Betrieben und Dienststellen&#8220;"},"content":{"rendered":"<p>Liebe Kolleginnen und Kollegen,<br \/>\nhiermit laden wir euch herzlich zum Tagesseminar<br \/>\n<strong>Rassismus und Fremdenfeindlichkeit in Betrieben und Dienststellen<br \/>\n\u2013 die aktuellen Fluchtbewegungen und die Herausforderung f\u00fcr die betriebliche Integration von Fl\u00fcchtlingen<\/strong><br \/>\n<strong>ein.<\/strong><br \/>\nSeminartermine:<br \/>\n11. Juni 2018 in Aschaffenburg (DGB Aschaffenburg, Haselm\u00fchlweg 1, 63741 Aschaffenburg<br \/>\nSeminar-Nr.: 002-268<br \/>\n12. Juni 2018 in Schweinfurt (DGB Schweinfurt, Am Zeughaus 9 &#8211; 13, 97421 Schweinfurt)<br \/>\nSeminar-Nr.: 002-269<br \/>\n25. Juni 2018 in W\u00fcrzburg (EVG W\u00fcrzburg, Am Haugerring 2, 97070 W\u00fcrzburg)<br \/>\nSeminar-Nr.: 002-270<br \/>\nSeminarzeit: 09:00 \u2013 16:00 Uhr<br \/>\nDie Teilnahme ist <strong>kostenfrei<\/strong>. Die Teilnahmegeb\u00fchr von 100.&#8211;Euro sowie die Fahrtkosten werden von eurer Gewerkschaft \u00fcbernommen.<br \/>\nWir bitten um Anmeldung f\u00fcr den zutreffenden Termin unter <strong>&#103;&#x66;&#64;&#98;&#x69;l&#x64;&#x75;&#110;&#x67;s&#119;&#x65;r&#107;&#x2d;&#98;&#x61;y&#101;&#x72;n&#46;&#x64;&#101;<\/strong> oder Tel. 089\/55 93 36 12 bis sp\u00e4testens eine Woche vor dem Seminar. Bitte gebt unbedingt eure Gewerkschaft und die zust\u00e4ndige Verwaltungsstelle an.<br \/>\nDas Seminar ist als geeignet anerkannt nach \u00a7 37 Abs. 7 Betriebsverfassungsgesetz (BetrVG) und nach \u00a7 46 Abs. 7 Bundespersonalvertretungsgesetz (BPersVG).<\/p>\n<p>Mit freundlichen Gr\u00fc\u00dfen<\/p>\n<p>Sabine Eger<br \/>\nGesch\u00e4ftsf\u00fchrerin<br \/>\nDGB Bildungswerk Bayern<\/p>\n<p>Einladung <a href=\"http:\/\/gew-unterfranken.de\/wp-content\/uploads\/2018\/05\/Tagesseminar_Rassismus_u_Fremdenfeindlichkeit_in-Betrieben.pdf\">Tagesseminar_Rassismus_u_Fremdenfeindlichkeit_in Betrieben<\/a><\/p>\n","protected":false},"excerpt":{"rendered":"<p>Liebe Kolleginnen und Kollegen, hiermit laden wir euch herzlich zum Tagesseminar Rassismus und Fremdenfeindlichkeit in Betrieben und Dienststellen \u2013 die aktuellen Fluchtbewegungen und die Herausforderung f\u00fcr die betriebliche Integration von Fl\u00fcchtlingen ein. Seminartermine: 11. Juni 2018 in Aschaffenburg (DGB Aschaffenburg, Haselm\u00fchlweg 1, 63741 Aschaffenburg Seminar-Nr.: 002-268 12. Juni 2018 in Schweinfurt (DGB Schweinfurt, Am Zeughaus<\/p><\/div>\n<div class=\"blog-btn\"><a href=\"https:\/\/gew-unterfranken.de\/?p=371\" class=\"home-blog-btn\">Weiterlesen<\/a><\/p>\n","protected":false},"author":2,"featured_media":369,"comment_status":"closed","ping_status":"closed","sticky":false,"template":"","format":"standard","meta":[],"categories":[24],"tags":[29,7,10],"_links":{"self":[{"href":"https:\/\/gew-unterfranken.de\/index.php?rest_route=\/wp\/v2\/posts\/371"}],"collection":[{"href":"https:\/\/gew-unterfranken.de\/index.php?rest_route=\/wp\/v2\/posts"}],"about":[{"href":"https:\/\/gew-unterfranken.de\/index.php?rest_route=\/wp\/v2\/types\/post"}],"author":[{"embeddable":true,"href":"https:\/\/gew-unterfranken.de\/index.php?rest_route=\/wp\/v2\/users\/2"}],"replies":[{"embeddable":true,"href":"https:\/\/gew-unterfranken.de\/index.php?rest_route=%2Fwp%2Fv2%2Fcomments&post=371"}],"version-history":[{"count":1,"href":"https:\/\/gew-unterfranken.de\/index.php?rest_route=\/wp\/v2\/posts\/371\/revisions"}],"predecessor-version":[{"id":372,"href":"https:\/\/gew-unterfranken.de\/index.php?rest_route=\/wp\/v2\/posts\/371\/revisions\/372"}],"wp:featuredmedia":[{"embeddable":true,"href":"https:\/\/gew-unterfranken.de\/index.php?rest_route=\/wp\/v2\/media\/369"}],"wp:attachment":[{"href":"https:\/\/gew-unterfranken.de\/index.php?rest_route=%2Fwp%2Fv2%2Fmedia&parent=371"}],"wp:term":[{"taxonomy":"category","embeddable":true,"href":"https:\/\/gew-unterfranken.de\/index.php?rest_route=%2Fwp%2Fv2%2Fcategories&post=371"},{"taxonomy":"post_tag","embeddable":true,"href":"https:\/\/gew-unterfranken.de\/index.php?rest_route=%2Fwp%2Fv2%2Ftags&post=371"}],"curies":[{"name":"wp","href":"https:\/\/api.w.org\/{rel}","templated":true}]}}