{"id":364,"date":"2018-05-16T08:03:56","date_gmt":"2018-05-16T08:03:56","guid":{"rendered":"http:\/\/gew-unterfranken.de\/?p=364"},"modified":"2018-05-16T08:05:56","modified_gmt":"2018-05-16T08:05:56","slug":"zeitzeuge-ernst-grube-gew-kollege-spricht-in-wuerzburg","status":"publish","type":"post","link":"https:\/\/gew-unterfranken.de\/?p=364","title":{"rendered":"Zeitzeuge Ernst Grube, GEW-Kollege, spricht in W\u00fcrzburg"},"content":{"rendered":"<p>Auf Einladung der Vereinigung der Verfolgten des Naziregimes-Bund der AntifaschistInnen (VVN-BdA) kommt <strong>einer der bekanntesten noch lebenden Zeitzeugen, der GEW-Kollege Ernst Grube,<\/strong> nach W\u00fcrzburg.<\/p>\n<p>Noch im Februar 1945 wurde er zusammen mit Mutter und Geschwistern ins KZ Theresienstadt verschleppt, wo er <strong>am 8. Mai von der Roten Armee befreit<\/strong> wurde.<\/p>\n<p><strong>Ernst Grube (85)<\/strong> hat sich auf Grund seiner pers\u00f6nlichen Verfolgungserfahrungen immer in die politischen Auseinandersetzungen seiner Zeit <strong>gegen Ausgrenzung, Rassismus und Unterdr\u00fcckung<\/strong> eingemischt. Seit Jahrzehnten bezieht er <strong>\u00f6ffentlich Stellung gegen Neonazis und Geschichtsrevisionisten<\/strong>. Er ist Vorsitzender der Lagergemeinschaft Dachau und engagiert sich in der Stiftung Bayerische Gedenkst\u00e4tten ebenso wie im politischen Beirat des NS-Dokumentationszentrums in M\u00fcnchen. Er streitet f\u00fcr die Verlegung von in M\u00fcnchen so heftig umstrittenen <strong>Stolpersteinen<\/strong> und immer wieder weist er eindringlich auf das<strong> Schicksal von Fl\u00fcchtlingen<\/strong> hin \u2013 gegen das <strong>bayerische \u201eIntegrationsgesetz\u201c<\/strong> und f\u00fcr einen Abschiebestopp nach Afghanistan.<br \/>\nErnst Grube ist dabei immer auch <strong>unbequem<\/strong>, aber es sind eben nicht die Bequemen, die die <strong>Demokratie verteidigen<\/strong>.<\/p>\n<p>Er nimmt das Verm\u00e4chtnis der Opfer ernst:<br \/>\n<strong>Nie wieder Faschismus, nie wieder Krieg!<\/strong> &#8211; lautet seine Botschaft.<br \/>\nF\u00fcr sein lebenslanges Engagement wurde ihm im November 2017 der Georg-Elser-Preis der Stadt M\u00fcnchen verliehen.<\/p>\n<p>Ernst Grube berichtet \u00fcber die Verfolgung seiner Familie durch die Nazis und von seinem politischen Engagement<br \/>\nam <strong>Dienstag, 29. Mai, 19.00 Uhr in der Gastst\u00e4tte Blauer Adler, Mergentheimer Str. 17 in 97082 W\u00fcrzburg.<\/strong><\/p>\n<p>Die <strong>VVN-BdA Kreisgruppe W\u00fcrzburg<\/strong> l\u00e4dt herzlich ein. Es besteht Einlassvorbehalt.<\/p>\n<p class=\"location\">Ort: Gastst\u00e4tte Blauer Adler, Mergentheimer Str. 17, 97082 W\u00fcrzburg<\/p>\n<p>s. auch:<br \/>\n<a href=\"https:\/\/www.gew-bayern.de\/aktuelles\/detailseite\/neuigkeiten\/ernst-grube-abschiebungen-nach-afghanistan-duerfen-wir-das-zulassen\/\" target=\"_blank\" rel=\"noopener\">Ernst Grube: Abschiebungen nach Afghanistan &#8211; d\u00fcrfen wir das zulassen?<\/a><\/p>\n","protected":false},"excerpt":{"rendered":"<p>Auf Einladung der Vereinigung der Verfolgten des Naziregimes-Bund der AntifaschistInnen (VVN-BdA) kommt einer der bekanntesten noch lebenden Zeitzeugen, der GEW-Kollege Ernst Grube, nach W\u00fcrzburg. Noch im Februar 1945 wurde er zusammen mit Mutter und Geschwistern ins KZ Theresienstadt verschleppt, wo er am 8. Mai von der Roten Armee befreit wurde. Ernst Grube (85) hat sich<\/p><\/div>\n<div class=\"blog-btn\"><a href=\"https:\/\/gew-unterfranken.de\/?p=364\" class=\"home-blog-btn\">Weiterlesen<\/a><\/p>\n","protected":false},"author":2,"featured_media":366,"comment_status":"closed","ping_status":"closed","sticky":false,"template":"","format":"standard","meta":[],"categories":[28,24,22],"tags":[29],"_links":{"self":[{"href":"https:\/\/gew-unterfranken.de\/index.php?rest_route=\/wp\/v2\/posts\/364"}],"collection":[{"href":"https:\/\/gew-unterfranken.de\/index.php?rest_route=\/wp\/v2\/posts"}],"about":[{"href":"https:\/\/gew-unterfranken.de\/index.php?rest_route=\/wp\/v2\/types\/post"}],"author":[{"embeddable":true,"href":"https:\/\/gew-unterfranken.de\/index.php?rest_route=\/wp\/v2\/users\/2"}],"replies":[{"embeddable":true,"href":"https:\/\/gew-unterfranken.de\/index.php?rest_route=%2Fwp%2Fv2%2Fcomments&post=364"}],"version-history":[{"count":2,"href":"https:\/\/gew-unterfranken.de\/index.php?rest_route=\/wp\/v2\/posts\/364\/revisions"}],"predecessor-version":[{"id":367,"href":"https:\/\/gew-unterfranken.de\/index.php?rest_route=\/wp\/v2\/posts\/364\/revisions\/367"}],"wp:featuredmedia":[{"embeddable":true,"href":"https:\/\/gew-unterfranken.de\/index.php?rest_route=\/wp\/v2\/media\/366"}],"wp:attachment":[{"href":"https:\/\/gew-unterfranken.de\/index.php?rest_route=%2Fwp%2Fv2%2Fmedia&parent=364"}],"wp:term":[{"taxonomy":"category","embeddable":true,"href":"https:\/\/gew-unterfranken.de\/index.php?rest_route=%2Fwp%2Fv2%2Fcategories&post=364"},{"taxonomy":"post_tag","embeddable":true,"href":"https:\/\/gew-unterfranken.de\/index.php?rest_route=%2Fwp%2Fv2%2Ftags&post=364"}],"curies":[{"name":"wp","href":"https:\/\/api.w.org\/{rel}","templated":true}]}}