{"id":356,"date":"2018-04-16T15:46:49","date_gmt":"2018-04-16T15:46:49","guid":{"rendered":"http:\/\/gew-unterfranken.de\/?p=356"},"modified":"2018-04-16T15:48:36","modified_gmt":"2018-04-16T15:48:36","slug":"einladung-gew-bildungsfru%cc%88hstu%cc%88ck-sozialpaedagogik-in-der-schule","status":"publish","type":"post","link":"https:\/\/gew-unterfranken.de\/?p=356","title":{"rendered":"Einladung: GEW-Bildungsfru\u0308hstu\u0308ck: Sozialp\u00e4dagogik in der Schule"},"content":{"rendered":"<h3><strong>Samstag, 28.04.2018, 10:00 bis 13:30 Uhr<\/strong><br \/>\n<strong>Kolping Akademie, Kolpingplatz 1, 97070 Wu\u0308rzburg<\/strong><\/h3>\n<p>Programm<br \/>\n\u2022 Begru\u0308\u00dfung und kennen lernen<br \/>\n\u2022 Was brennt Euch auf den N\u00e4geln, wie geht es Euch in den Einrichtungen und Betrieben?<br \/>\n\u2022 Vortrag von <strong>Bj\u00f6rn K\u00f6hler, GEW-Hauptvorstand, Bereich Sozialp\u00e4dagogische Berufe<\/strong>:<\/p>\n<p>\u201e<strong>Schulsozialarbeit im Wandel \u2013 aktuelle Herausforderungen<\/strong>\u201c<\/p>\n<p>\u2022 Diskussion<br \/>\nEntwicklung von Positionen und Forderungen, wofu\u0308r soll die GEW sich auf Landes- und Bundesebene einsetzen?<br \/>\nWie sollen P\u00e4dagogik, Arbeitsbedingungen und Tarifierung entwickelt werden?<br \/>\nPlanung weiterer Vorhaben und Treffen, der Zusammenarbeit und Vernetzung<br \/>\n\u2022 Sonstiges<br \/>\nGetr\u00e4nke und Leckeres werden gereicht.<\/p>\n<p>siehe <a href=\"http:\/\/gew-unterfranken.de\/wp-content\/uploads\/2018\/04\/gew-sozialarbeit-an-schulen_einladung.pdf\" target=\"_blank\" rel=\"noopener\">flyer<\/a>.<\/p>\n","protected":false},"excerpt":{"rendered":"<p>Samstag, 28.04.2018, 10:00 bis 13:30 Uhr Kolping Akademie, Kolpingplatz 1, 97070 Wu\u0308rzburg Programm \u2022 Begru\u0308\u00dfung und kennen lernen \u2022 Was brennt Euch auf den N\u00e4geln, wie geht es Euch in den Einrichtungen und Betrieben? \u2022 Vortrag von Bj\u00f6rn K\u00f6hler, GEW-Hauptvorstand, Bereich Sozialp\u00e4dagogische Berufe: \u201eSchulsozialarbeit im Wandel \u2013 aktuelle Herausforderungen\u201c \u2022 Diskussion Entwicklung von Positionen und<\/p><\/div>\n<div class=\"blog-btn\"><a href=\"https:\/\/gew-unterfranken.de\/?p=356\" class=\"home-blog-btn\">Weiterlesen<\/a><\/p>\n","protected":false},"author":2,"featured_media":355,"comment_status":"closed","ping_status":"closed","sticky":false,"template":"","format":"standard","meta":[],"categories":[24],"tags":[7,10,6],"_links":{"self":[{"href":"https:\/\/gew-unterfranken.de\/index.php?rest_route=\/wp\/v2\/posts\/356"}],"collection":[{"href":"https:\/\/gew-unterfranken.de\/index.php?rest_route=\/wp\/v2\/posts"}],"about":[{"href":"https:\/\/gew-unterfranken.de\/index.php?rest_route=\/wp\/v2\/types\/post"}],"author":[{"embeddable":true,"href":"https:\/\/gew-unterfranken.de\/index.php?rest_route=\/wp\/v2\/users\/2"}],"replies":[{"embeddable":true,"href":"https:\/\/gew-unterfranken.de\/index.php?rest_route=%2Fwp%2Fv2%2Fcomments&post=356"}],"version-history":[{"count":1,"href":"https:\/\/gew-unterfranken.de\/index.php?rest_route=\/wp\/v2\/posts\/356\/revisions"}],"predecessor-version":[{"id":357,"href":"https:\/\/gew-unterfranken.de\/index.php?rest_route=\/wp\/v2\/posts\/356\/revisions\/357"}],"wp:featuredmedia":[{"embeddable":true,"href":"https:\/\/gew-unterfranken.de\/index.php?rest_route=\/wp\/v2\/media\/355"}],"wp:attachment":[{"href":"https:\/\/gew-unterfranken.de\/index.php?rest_route=%2Fwp%2Fv2%2Fmedia&parent=356"}],"wp:term":[{"taxonomy":"category","embeddable":true,"href":"https:\/\/gew-unterfranken.de\/index.php?rest_route=%2Fwp%2Fv2%2Fcategories&post=356"},{"taxonomy":"post_tag","embeddable":true,"href":"https:\/\/gew-unterfranken.de\/index.php?rest_route=%2Fwp%2Fv2%2Ftags&post=356"}],"curies":[{"name":"wp","href":"https:\/\/api.w.org\/{rel}","templated":true}]}}