{"id":336,"date":"2018-03-23T15:13:12","date_gmt":"2018-03-23T15:13:12","guid":{"rendered":"http:\/\/gew-unterfranken.de\/?p=336"},"modified":"2018-03-23T15:13:12","modified_gmt":"2018-03-23T15:13:12","slug":"digitalisierte-schule","status":"publish","type":"post","link":"https:\/\/gew-unterfranken.de\/?p=336","title":{"rendered":"Digitalisierte Schule?"},"content":{"rendered":"<p><strong>GEW fordert verantwortliche Gestaltung ein<\/strong><\/p>\n<p>Mit dem Masterpl\u00e4nen Bayern Digital I und II flie\u00dfen 2017 bis 2022 \u00fcber 8,5 Milliarden Euro anteilig auch an die etwa 491 \u00f6ffentlichen Schulen in Unterfranken. Doch was geschieht mit dem Geld, das die bayerischen Schulen ans digitale Zeitalter anschlie\u00dfen soll? Dr. Matthias Burchardt von der Universit\u00e4t zu K\u00f6ln mahnt auf Einladung der Bildungsgewerkschaft GEW in einem Vortrag am 14. April in der Kolping Akademie W\u00fcrzburg zu verantwortungsvollem Umgang mit digitalen Medien.<br \/>\n&#8222;Wenn Lehren und Lernen in Beziehung, Bildung statt Kompetenz, Unterricht statt mechanischer Selbststeuerung stattfinden, dann richtet auch der gezielte Einsatz von Smartboards, Tablets und Cyberbrillen in Schulen keinen Schaden an,&#8220; sagt der Medienforscher Burchardt. &#8222;Aber niemand, d.h. auch keine Lehrkraft, kann die Verantwortung fu\u0308r die Sicherheit der Daten von Schu\u0308lerinnen und Schu\u0308lern im Rahmen von Big Data-Analysen u\u0308bernehmen.&#8220; Hier ber\u00fchre Digitalisierung die F\u00fcrsorgepflicht der Schule.<br \/>\nBig Data kann keine Wahrheit finden, sondern nur Wahrscheinlichkeiten. Die Welt ist seit Jahren Geisel von GAFAM (Google, Apple, Facebook, Amazon, Microsoft). Das Wissen um die Reichweite und die Implikationen der Digitalen Transformation m\u00fcsse deshalb Thema in Schule, Hochschule und politischer Bildung sein, so Burchardt. &#8222;Wir brauchen Bildung am Gegenstand des Digitalen, aber keine Digitalisierung von Bildung!&#8220;<br \/>\nDie GEW fordert eine P\u00e4dagogik der Digitalisierung. &#8222;Wir brauchen erst Software f\u00fcrs Gehirn,&#8220; so der stellvertretende GEW-Bezirksvorsitzende J\u00f6rg Nellen. &#8222;Denn Sch\u00fclerinnen und Sch\u00fcler m\u00fcssen wissen, was sie im digitalen Zeitalter tun.&#8220;<br \/>\nGEW Unterfranken l\u00e4dt ein zu<br \/>\nDr. Matthias Burchardt, Digitalisierung der Schule? Verantwortung gestalten!<br \/>\nSamstag, 14. April 2018, 11:30 bis 13 Uhr, Kolping-Akademie, Kolpingplatz 1, 97070 W\u00fcrzburg, Anmeldung gewwue(at)aol.com. Eintritt frei.<\/p>\n<p>Quellen:<br \/>\nhttps:\/\/www.gew.de\/aktuelles\/detailseite\/neuigkeiten\/gew-will-digitalisierung-kritisch-und-konstruktiv-mitgestalten\/<br \/>\nhttps:\/\/www.stmwi.bayern.de\/digitalisierung\/bayern-digital-ii\/<\/p>\n","protected":false},"excerpt":{"rendered":"<p>GEW fordert verantwortliche Gestaltung ein Mit dem Masterpl\u00e4nen Bayern Digital I und II flie\u00dfen 2017 bis 2022 \u00fcber 8,5 Milliarden Euro anteilig auch an die etwa 491 \u00f6ffentlichen Schulen in Unterfranken. Doch was geschieht mit dem Geld, das die bayerischen Schulen ans digitale Zeitalter anschlie\u00dfen soll? Dr. Matthias Burchardt von der Universit\u00e4t zu K\u00f6ln mahnt<\/p><\/div>\n<div class=\"blog-btn\"><a href=\"https:\/\/gew-unterfranken.de\/?p=336\" class=\"home-blog-btn\">Weiterlesen<\/a><\/p>\n","protected":false},"author":2,"featured_media":337,"comment_status":"closed","ping_status":"closed","sticky":false,"template":"","format":"standard","meta":[],"categories":[24,25,15],"tags":[26,7],"_links":{"self":[{"href":"https:\/\/gew-unterfranken.de\/index.php?rest_route=\/wp\/v2\/posts\/336"}],"collection":[{"href":"https:\/\/gew-unterfranken.de\/index.php?rest_route=\/wp\/v2\/posts"}],"about":[{"href":"https:\/\/gew-unterfranken.de\/index.php?rest_route=\/wp\/v2\/types\/post"}],"author":[{"embeddable":true,"href":"https:\/\/gew-unterfranken.de\/index.php?rest_route=\/wp\/v2\/users\/2"}],"replies":[{"embeddable":true,"href":"https:\/\/gew-unterfranken.de\/index.php?rest_route=%2Fwp%2Fv2%2Fcomments&post=336"}],"version-history":[{"count":1,"href":"https:\/\/gew-unterfranken.de\/index.php?rest_route=\/wp\/v2\/posts\/336\/revisions"}],"predecessor-version":[{"id":338,"href":"https:\/\/gew-unterfranken.de\/index.php?rest_route=\/wp\/v2\/posts\/336\/revisions\/338"}],"wp:featuredmedia":[{"embeddable":true,"href":"https:\/\/gew-unterfranken.de\/index.php?rest_route=\/wp\/v2\/media\/337"}],"wp:attachment":[{"href":"https:\/\/gew-unterfranken.de\/index.php?rest_route=%2Fwp%2Fv2%2Fmedia&parent=336"}],"wp:term":[{"taxonomy":"category","embeddable":true,"href":"https:\/\/gew-unterfranken.de\/index.php?rest_route=%2Fwp%2Fv2%2Fcategories&post=336"},{"taxonomy":"post_tag","embeddable":true,"href":"https:\/\/gew-unterfranken.de\/index.php?rest_route=%2Fwp%2Fv2%2Ftags&post=336"}],"curies":[{"name":"wp","href":"https:\/\/api.w.org\/{rel}","templated":true}]}}