{"id":331,"date":"2018-03-22T15:06:08","date_gmt":"2018-03-22T15:06:08","guid":{"rendered":"http:\/\/gew-unterfranken.de\/?p=331"},"modified":"2018-03-22T15:11:27","modified_gmt":"2018-03-22T15:11:27","slug":"warnstreiks-im-oeffentlichen-dienst-6-mehr-lohn","status":"publish","type":"post","link":"https:\/\/gew-unterfranken.de\/?p=331","title":{"rendered":"Warnstreiks im \u00d6ffentlichen Dienst &#8211; \u201e6% mehr Lohn!&#8220;"},"content":{"rendered":"<p>Der Bezirksverband Unterfranken der Bildungsgewerkschaft GEW unterst\u00fctzt die Warnstreiks im \u00f6ffentlichen Dienst in Unterfranken am heutigen Dienstag. \u201e6% mehr Lohn und 200 \u20ac mindestens bedeutet eine St\u00e4rkung der Kaufkraft\u201c, sagt der Bezirksvorsitzende Martin Heilig mit Bezug auf <a class=\"moz-txt-link-freetext\" href=\"http:\/\/www.spiegel.de\/wirtschaft\/soziales\/internationaler-waehrungsfonds-chefvolkswirt-empfiehlt-hoehere-lohnabschluesse-a-1116654.html\">Studien<\/a>.<\/p>\n<p>Beamte und Pensionisten profitieren von der Streikf\u00e4higkeit der Gewerkschafter*innen: \u201eNur in Gewerkschaften organisierte Besch\u00e4ftigte im \u00f6ffentlichen Dienst k\u00f6nnen den Druck aufbauen, der die Arbeitgeber zum Einlenken bringt\u201c, so Heilig.<\/p>\n","protected":false},"excerpt":{"rendered":"<p>Der Bezirksverband Unterfranken der Bildungsgewerkschaft GEW unterst\u00fctzt die Warnstreiks im \u00f6ffentlichen Dienst in Unterfranken am heutigen Dienstag. \u201e6% mehr Lohn und 200 \u20ac mindestens bedeutet eine St\u00e4rkung der Kaufkraft\u201c, sagt der Bezirksvorsitzende Martin Heilig mit Bezug auf Studien. Beamte und Pensionisten profitieren von der Streikf\u00e4higkeit der Gewerkschafter*innen: \u201eNur in Gewerkschaften organisierte Besch\u00e4ftigte im \u00f6ffentlichen Dienst<\/p><\/div>\n<div class=\"blog-btn\"><a href=\"https:\/\/gew-unterfranken.de\/?p=331\" class=\"home-blog-btn\">Weiterlesen<\/a><\/p>\n","protected":false},"author":2,"featured_media":332,"comment_status":"closed","ping_status":"closed","sticky":false,"template":"","format":"standard","meta":[],"categories":[24,25],"tags":[32],"_links":{"self":[{"href":"https:\/\/gew-unterfranken.de\/index.php?rest_route=\/wp\/v2\/posts\/331"}],"collection":[{"href":"https:\/\/gew-unterfranken.de\/index.php?rest_route=\/wp\/v2\/posts"}],"about":[{"href":"https:\/\/gew-unterfranken.de\/index.php?rest_route=\/wp\/v2\/types\/post"}],"author":[{"embeddable":true,"href":"https:\/\/gew-unterfranken.de\/index.php?rest_route=\/wp\/v2\/users\/2"}],"replies":[{"embeddable":true,"href":"https:\/\/gew-unterfranken.de\/index.php?rest_route=%2Fwp%2Fv2%2Fcomments&post=331"}],"version-history":[{"count":2,"href":"https:\/\/gew-unterfranken.de\/index.php?rest_route=\/wp\/v2\/posts\/331\/revisions"}],"predecessor-version":[{"id":334,"href":"https:\/\/gew-unterfranken.de\/index.php?rest_route=\/wp\/v2\/posts\/331\/revisions\/334"}],"wp:featuredmedia":[{"embeddable":true,"href":"https:\/\/gew-unterfranken.de\/index.php?rest_route=\/wp\/v2\/media\/332"}],"wp:attachment":[{"href":"https:\/\/gew-unterfranken.de\/index.php?rest_route=%2Fwp%2Fv2%2Fmedia&parent=331"}],"wp:term":[{"taxonomy":"category","embeddable":true,"href":"https:\/\/gew-unterfranken.de\/index.php?rest_route=%2Fwp%2Fv2%2Fcategories&post=331"},{"taxonomy":"post_tag","embeddable":true,"href":"https:\/\/gew-unterfranken.de\/index.php?rest_route=%2Fwp%2Fv2%2Ftags&post=331"}],"curies":[{"name":"wp","href":"https:\/\/api.w.org\/{rel}","templated":true}]}}