{"id":299,"date":"2018-02-27T17:47:56","date_gmt":"2018-02-27T17:47:56","guid":{"rendered":"http:\/\/gew-unterfranken.de\/?p=299"},"modified":"2018-02-27T17:53:08","modified_gmt":"2018-02-27T17:53:08","slug":"aus-bildung-statt-abschiebung","status":"publish","type":"post","link":"https:\/\/gew-unterfranken.de\/?p=299","title":{"rendered":"&#8222;(Aus-)Bildung statt Abschiebung!&#8220;"},"content":{"rendered":"<p><strong><em>GEW und Mitarbeiter*innen des Bezirksjugendrings Unterfranken sammelten Unterschriften<\/em><\/strong><\/p>\n<p><strong>W\u00fcrzburg.<\/strong> Fast t\u00e4glich neue Meldungen zu Terroranschl\u00e4gen in Afghanistan mit vielen Toten und Verletzten \u2013 doch die Abschiebungen laufen weiter. Ungeachtet der sich immer weiter verschlechternden Lebensbedingungen im Kriegsland Afghanistan stellt Bayern den Hauptanteil der Mitmenschen, die nach Afghanistan abgeschoben werden. Die Bildungsgewerkschaft GEW Bayern hat eine Unterschriftensammlung dagegen initiiert, der sich jetzt der Bezirksjugendring Unterfranken um den stellvertretenden Gesch\u00e4ftsf\u00fchrer Lambert Zumbr\u00e4gel angeschlossen haben. Martin Heilig, GEW-Bezirksvorsitzender, nahm die Unterschriftenliste entgegen, mit der (Aus-)Bildung statt Abschiebung gefordert wird.<\/p>\n<p>Die Bundesregierung und Bayerns Innenminister Joachim Herrmann halten hartn\u00e4ckig daran fest, es gebe sichere Gebiete in Afghanistan, in der die Abgeschobenen eine Lebensperspektive haben. Dabei weisen alle UN-Organisationen, die mit Afghanistan befasst sind, das Land als Kriegsgebiet aus. Der deutsche Botschafter und seine wenigen Mitarbeiter*innen, die nach dem Bombenanschlag auf die deutsche Botschaft im vergangenen Jahr in der US-Botschaft Asyl gefunden haben, sind nicht in der Lage, einen neuen Lagebericht zu erstellen.<\/p>\n<p>Lambert Zumbr\u00e4gel findet hierf\u00fcr deutliche Worte: \u201eWir setzen uns mit unserer Arbeit, insbesondere als Projektregion Unterfranken im Aktionsprogramm Fl\u00fcchtlinge werden Freunde, f\u00fcr die Integration von Gefl\u00fcchteten in die bayerische Jugendarbeit und in unsere Gesellschaft ein. Mittlerweile m\u00fcsste es doch hinl\u00e4nglich bekannt sein, dass wir aus gesamtgesellschaftlicher und volkwirtschaftlicher Sicht auf gut ausgebildete Migrant*innen angewiesen sind. Es ist mir nicht begreiflich, wie man auf dem R\u00fccken der vornehmlich jungen Generation aus politischem Kalk\u00fcl Kapital schlagen kann.\u201c<\/p>\n<p>Viele Jugendverb\u00e4nde und -organisationen in Unterfranken, wie der Stadtjugendring Aschaffenburg, die THW-Jugend Lohr oder der Stadtjugendring Schweinfurt leisten wertvolle Arbeit. Sie erm\u00f6glichen es den jungen Gefl\u00fcchteten, sich ein neues Leben aufzubauen. Und nun werden auch Integrationswillige aus Schule, Lehrstelle, Arbeitsplatz mit Gewalt herausgerissen und in ein Kriegsland geflogen, obwohl sie sich auf dem besten Wege befinden, sich hier bei uns ein neues Leben aufzubauen.<\/p>\n<p>&#8222;Das verstehen wir, die bayerische Jugendarbeit nicht \u2013 und auch Sch\u00fcler*innen machen gegen dieses unmenschliche Handeln mobil&#8220;, sagt Zumbr\u00e4gel. Diese Zivilcourage verdiene unsere Hochachtung.<\/p>\n<p>Die Absicht der Bayerischen Staatsregierung, die Zahl der Abschiebungen deutlich zu erh\u00f6hen, \u00e4u\u00dfert sich auch darin, dass \u2013 wie das Beispiel eines jungen Berufssch\u00fclers aus N\u00fcrnberg Ende Mai 2017 zeigte \u2013 auch aus Schulen abgeschoben wird.<\/p>\n<p>Abschiebungen aus Klassenzimmern oder gar Bildungsseminaren, an denen Kolleg*innen mit Fluchterfahrung mitwirken ist scharf zu verurteilen. &#8222;P\u00e4dagog*innen, Jugendleiter*innen, aber auch andere Gefl\u00fcchtete werden durch ein solches Vorgehen massiv verunsichert,&#8220; wei\u00df der unterfr\u00e4nkische GEW-Chef Martin Heilig. &#8222;Die Angst vor Abschiebungen aus dem Klassenzimmer heraus oder von der Ausbildungsst\u00e4tte verhindert das weitere Lernen f\u00fcr eine sehr gro\u00dfe Zahl von Teilnehmer*innen.&#8220;<\/p>\n<p>GEW und Bezirksjugendring fordern mit Nachdruck eine sichere Aufenthaltsperspektive f\u00fcr alle Jugendlichen und jungen Erwachsenen, nicht nur bis zum Abschluss ihres Bildungsweges bzw. ihrer Ausbildung, sondern selbstverst\u00e4ndlich auch dar\u00fcber hinaus.<\/p>\n<p>&#8222;In unserer tagt\u00e4glichen Arbeit bilden wir Vertrauen, leisten wertvolle Integrationsarbeit und geben den jungen Gefl\u00fcchteten Halt in einer fremden Umgebung,&#8220; sagt Heilig. Das unterst\u00fctzt Lambert Zumbr\u00e4gel: &#8222;All dies darf nicht durch Abschiebungen konterkariert werden. Dies verhindert die Integrationsbem\u00fchungen der jungen Menschen und entfremdet Bildungseinrichtungen davon, ein sicherer Ort des Lebens und Lernens zu sein!&#8220;<\/p>\n<p>Eine gelungene und nachhaltige Integration ist aus Sicht von GEW und BezJR nur dann m\u00f6glich, wenn alle jungen Menschen eine Perspektive haben, diese in der Schule entwickeln k\u00f6nnen und sich mit ihren F\u00e4higkeiten und Fertigkeiten in unsere Gesellschaft einbringen k\u00f6nnen. Daher verwehren sie sich gegen die aktuelle Abschiebepraxis aus Bildungseinrichtungen.<\/p>\n<p><strong>Aus diesem Grund unterst\u00fctzen wir die Aktion der GEW und sagen deutlich: <\/strong><\/p>\n<p><strong>Wir Mitarbeiter*innen des Bezirksjugendrings Unterfranken und seiner Jugendbildungsst\u00e4tte wollen uns nicht als Abschiebehelfer*innen instrumentalisieren lassen! <\/strong><\/p>\n<p><strong>Wir erheben unsere Stimme gegen diese Praxis! <\/strong><\/p>\n<p><strong>Wir fordern: (Aus-)Bildung statt Abschiebung!<\/strong><\/p>\n<p>&#8212;<\/p>\n<p>FOTO: Lambert Zumbr\u00e4gel (rechts) \u00fcbergibt an den GEW-Bezirksvorsitzenden Martin Heilig die Unterschriften des Bezirksjugendrings Unterfranken mit seiner Jugendbildungsst\u00e4tte. Im Hintergrund sind stolz: Lore Koerber-Becker, GEW-Kreisvorsitzende, Stefan Lutz-Simon, Leiter der Jugendbildungsst\u00e4tte, Zehranur Manzak und Mehdi Bhidi, beide JuBi, Wibke Lewring, BezJR.<\/p>\n","protected":false},"excerpt":{"rendered":"<p>GEW und Mitarbeiter*innen des Bezirksjugendrings Unterfranken sammelten Unterschriften W\u00fcrzburg. Fast t\u00e4glich neue Meldungen zu Terroranschl\u00e4gen in Afghanistan mit vielen Toten und Verletzten \u2013 doch die Abschiebungen laufen weiter. Ungeachtet der sich immer weiter verschlechternden Lebensbedingungen im Kriegsland Afghanistan stellt Bayern den Hauptanteil der Mitmenschen, die nach Afghanistan abgeschoben werden. Die Bildungsgewerkschaft GEW Bayern hat eine<\/p><\/div>\n<div class=\"blog-btn\"><a href=\"https:\/\/gew-unterfranken.de\/?p=299\" class=\"home-blog-btn\">Weiterlesen<\/a><\/p>\n","protected":false},"author":2,"featured_media":300,"comment_status":"closed","ping_status":"closed","sticky":false,"template":"","format":"standard","meta":[],"categories":[24,25],"tags":[26,6],"_links":{"self":[{"href":"https:\/\/gew-unterfranken.de\/index.php?rest_route=\/wp\/v2\/posts\/299"}],"collection":[{"href":"https:\/\/gew-unterfranken.de\/index.php?rest_route=\/wp\/v2\/posts"}],"about":[{"href":"https:\/\/gew-unterfranken.de\/index.php?rest_route=\/wp\/v2\/types\/post"}],"author":[{"embeddable":true,"href":"https:\/\/gew-unterfranken.de\/index.php?rest_route=\/wp\/v2\/users\/2"}],"replies":[{"embeddable":true,"href":"https:\/\/gew-unterfranken.de\/index.php?rest_route=%2Fwp%2Fv2%2Fcomments&post=299"}],"version-history":[{"count":3,"href":"https:\/\/gew-unterfranken.de\/index.php?rest_route=\/wp\/v2\/posts\/299\/revisions"}],"predecessor-version":[{"id":303,"href":"https:\/\/gew-unterfranken.de\/index.php?rest_route=\/wp\/v2\/posts\/299\/revisions\/303"}],"wp:featuredmedia":[{"embeddable":true,"href":"https:\/\/gew-unterfranken.de\/index.php?rest_route=\/wp\/v2\/media\/300"}],"wp:attachment":[{"href":"https:\/\/gew-unterfranken.de\/index.php?rest_route=%2Fwp%2Fv2%2Fmedia&parent=299"}],"wp:term":[{"taxonomy":"category","embeddable":true,"href":"https:\/\/gew-unterfranken.de\/index.php?rest_route=%2Fwp%2Fv2%2Fcategories&post=299"},{"taxonomy":"post_tag","embeddable":true,"href":"https:\/\/gew-unterfranken.de\/index.php?rest_route=%2Fwp%2Fv2%2Ftags&post=299"}],"curies":[{"name":"wp","href":"https:\/\/api.w.org\/{rel}","templated":true}]}}