{"id":2982,"date":"2020-01-26T23:51:26","date_gmt":"2020-01-26T23:51:26","guid":{"rendered":"http:\/\/gew-unterfranken.de\/?p=2982"},"modified":"2020-01-27T12:46:19","modified_gmt":"2020-01-27T12:46:19","slug":"holocaust-gedenktag-ist-paedagogische-mahnung","status":"publish","type":"post","link":"https:\/\/gew-unterfranken.de\/?p=2982","title":{"rendered":"Holocaust-Gedenktag ist p\u00e4dagogische Mahnung"},"content":{"rendered":"\n<p>Anl\u00e4sslich  der Befreiung des Konzentrationslagers Auschwitz vor 75 Jahren durch  die Rote Armee sagte der unterfr\u00e4nkische Gesch\u00e4ftsf\u00fchrer der  Bildungsgewerkschaft GEW, J\u00f6rg Nellen: \u201e<em>Der Holocaust-Gedenktag erinnert  uns daran, dass in den Familien, in den Schulen und in der Gesellschaft  die Auseinandersetzung mit Diskriminierung nie enden darf.<\/em>\u201c In diesem  Zusammenhang ist besonders bemerkenswert, dass in Unterfranken gut 60  Schulen sich im Netzwerk \u201eSchule ohne Rassismus, Schule mit Courage\u201c  zusammengeschlossen haben. \u201eHier wird den Anf\u00e4ngen gewehrt durch die  Erfahrung, dass ein Miteinander historisch immer erfolgreicher war als  ein Gegeneinander. Der Holocaust-Gedenktag bleibt unsere p\u00e4dagogische  Mahnung.&#8220; <\/p>\n\n\n\n<p>Das &#8222;B\u00fcndnis gegen Rechts&#8220; und Attac Aschaffenburg-Miltenberg, wo auch die GEW Aschaffenburg-Miltenberg Mitglied ist, laden unter dem Titel <strong>\u201eDer Zug war \u2026 abgefahren!\u201c<\/strong> ein zum Gedenken an die Opfer von Faschismus und Holocaust<br><strong>Montag, 27. Januar 2020, 17:00 Uhr, Aschaffenburg,<\/strong><br><strong>Treffpunkt: <\/strong>Verwaltungsgeb\u00e4ude <strong>ROB<\/strong> (ehem. G\u00fcterbahnhof),<br>anschlie\u00dfend Mahnwache auf dem <strong>D\u00e4mmer Steg <\/strong>mit Blick auf Reste der alten Laderampe.<\/p>\n\n\n\n<p>weitere Infos s. <a rel=\"noreferrer noopener\" aria-label=\"www.bgr-ab-mil.de (\u00f6ffnet in neuem Tab)\" href=\"https:\/\/www.bgr-ab-mil.de\" target=\"_blank\">www.bgr-ab-mil.de<\/a><\/p>\n\n\n\n<p><a href=\"https:\/\/www.gew.de\/presse\/pressemitteilungen\/detailseite\/neuigkeiten\/gew-und-vbe-erinnern-und-aktiv-fuer-friedliches-zusammenleben-aller-menschen-eintreten\/\">Gemeinsame Pressemitteilung der GEW und des VEB<\/a><\/p>\n","protected":false},"excerpt":{"rendered":"<p>Anl\u00e4sslich der Befreiung des Konzentrationslagers Auschwitz vor 75 Jahren durch die Rote Armee sagte der unterfr\u00e4nkische Gesch\u00e4ftsf\u00fchrer der Bildungsgewerkschaft GEW, J\u00f6rg Nellen: \u201eDer Holocaust-Gedenktag erinnert uns daran, dass in den Familien, in den Schulen und in der Gesellschaft die Auseinandersetzung mit Diskriminierung nie enden darf.\u201c In diesem Zusammenhang ist besonders bemerkenswert, dass in Unterfranken gut<\/p><\/div>\n<div class=\"blog-btn\"><a href=\"https:\/\/gew-unterfranken.de\/?p=2982\" class=\"home-blog-btn\">Weiterlesen<\/a><\/p>\n","protected":false},"author":2,"featured_media":2984,"comment_status":"closed","ping_status":"closed","sticky":false,"template":"","format":"standard","meta":[],"categories":[28,24],"tags":[29],"_links":{"self":[{"href":"https:\/\/gew-unterfranken.de\/index.php?rest_route=\/wp\/v2\/posts\/2982"}],"collection":[{"href":"https:\/\/gew-unterfranken.de\/index.php?rest_route=\/wp\/v2\/posts"}],"about":[{"href":"https:\/\/gew-unterfranken.de\/index.php?rest_route=\/wp\/v2\/types\/post"}],"author":[{"embeddable":true,"href":"https:\/\/gew-unterfranken.de\/index.php?rest_route=\/wp\/v2\/users\/2"}],"replies":[{"embeddable":true,"href":"https:\/\/gew-unterfranken.de\/index.php?rest_route=%2Fwp%2Fv2%2Fcomments&post=2982"}],"version-history":[{"count":3,"href":"https:\/\/gew-unterfranken.de\/index.php?rest_route=\/wp\/v2\/posts\/2982\/revisions"}],"predecessor-version":[{"id":3024,"href":"https:\/\/gew-unterfranken.de\/index.php?rest_route=\/wp\/v2\/posts\/2982\/revisions\/3024"}],"wp:featuredmedia":[{"embeddable":true,"href":"https:\/\/gew-unterfranken.de\/index.php?rest_route=\/wp\/v2\/media\/2984"}],"wp:attachment":[{"href":"https:\/\/gew-unterfranken.de\/index.php?rest_route=%2Fwp%2Fv2%2Fmedia&parent=2982"}],"wp:term":[{"taxonomy":"category","embeddable":true,"href":"https:\/\/gew-unterfranken.de\/index.php?rest_route=%2Fwp%2Fv2%2Fcategories&post=2982"},{"taxonomy":"post_tag","embeddable":true,"href":"https:\/\/gew-unterfranken.de\/index.php?rest_route=%2Fwp%2Fv2%2Ftags&post=2982"}],"curies":[{"name":"wp","href":"https:\/\/api.w.org\/{rel}","templated":true}]}}