{"id":28528,"date":"2021-02-07T19:02:12","date_gmt":"2021-02-07T19:02:12","guid":{"rendered":"http:\/\/gew-unterfranken.de\/?p=28528"},"modified":"2021-02-07T19:11:00","modified_gmt":"2021-02-07T19:11:00","slug":"gew-ab-mil-positionen-zum-bildungsbereich-in-der-pandemie","status":"publish","type":"post","link":"https:\/\/gew-unterfranken.de\/?p=28528","title":{"rendered":"GEW AB-MIL: Positionen zum Bildungsbereich in der Pandemie"},"content":{"rendered":"\n<p>Die Schulen werden gerade vom <strong>Mangelmanagement der Regierung in der so genannten Corona-Krise<\/strong> gebeutelt. Die GEW Aschaffenburg-Miltenberg stellt <strong>L\u00f6sungsans\u00e4tze<\/strong> vor:<br>Monika Hartl 1. Vorsitzende der GEW Aschaffenburg-Miltenberg:<br><em>Grunds\u00e4tzlich muss eine <strong>Diversit\u00e4t gelebt<\/strong> werden. Dies setzt voraus, dass die Schulgemeinschaft&nbsp;bestehend aus Schulleitung, Lehrpersonal, Hort, Mittagsbetreuung, Eltern und Sch\u00fcler sich gemeinsam, in Absprache mit dem Sachaufwandstr\u00e4ger, <strong>auf einen Plan einigen<\/strong>.&nbsp;<br>Ein besonderes Augenmerk muss auch dem <strong>Schulweg<\/strong> gewidmet sein. \u00dcberf\u00fcllte Busse d\u00fcrfen nicht sein!&nbsp;Dieser Plan soll mindestens bis Ostern gelten, gegebenenfalls jedoch auch bis zu den Pfingstferien.&nbsp;<br>In den Ferien soll m\u00f6glichst von allen Jugend\u00e4mtern, Jugendpflegern, Jugendeinrichtungen usw. ein <strong>freizeitp\u00e4dagogisches Programm<\/strong> angeboten werden.&nbsp;<br>Alle ErzieherInnen und&nbsp;Lehrkr\u00e4fte sind in der <strong>Priorisierung zur Impfung<\/strong> direkt nach dem medizinischen Personal und den Risikogruppen zu ber\u00fccksichtigen!&nbsp;<\/em><\/p>\n\n\n\n<p><strong>Hier und als <a href=\"http:\/\/gew-unterfranken.de\/wp-content\/uploads\/2021\/02\/Weg-aus-der-Pandemie.pdf\" target=\"_blank\" rel=\"noreferrer noopener\">pdf-Dokument<\/a> zum Herunterladen  Hintergrundinformationen zu allen Bildungsbereichen:<\/strong><br><\/p>\n\n\n\n<!--more-->\n\n\n\n<p>Postitionspapier der GEW Aschaffenburg-Miltenberg<\/p>\n\n\n\n<p>Die Corona Pandemie ist nach wie vor t\u00e4glich pr\u00e4sent, die Fallzahlen gehen nur sehr langsam zur\u00fcck, die Impfung kommt, aber auch sie steckt noch in den Startschwierigkeiten. Gesch\u00e4fte sind weitgehend zu, wo es irgendwie geht sind wir im Homeoffice, die Vorfreude auf Feste und&nbsp;Feiern wird immer gr\u00f6\u00dfer. Unsere Geduld und Ausdauer wird t\u00e4glich auf einen Pr\u00fcfstand gestellt, unser&nbsp;gesellschaftlicher Zusammenhalt&nbsp;ist enorm, Millionen von Mitb\u00fcrgerInnen ertragen die Einschr\u00e4nkungen als Zeichen ihrer Solidarit\u00e4t. Auch die Sch\u00fclerInnen sind im Homeoffice:&nbsp;sie sind nun schon seit Mitte Dezember im Notbetrieb &#8211; und bleiben es auch auf jeden Fall bis zum 14. Februar. <strong>Was kommt danach?<\/strong> Sch\u00fclerInnen, Eltern, LehrerInnen, ErzieherInnen ben\u00f6tigen einen&nbsp;festen Fahrplan. Grundgedanke eines jeden Plans ist der demokratische&nbsp;Zusammenhalt unserer Gesellschaft. R\u00fccksicht auf Risikogruppen, den Blick auch auf das Gesundheitssystem, auf die Intensivstationen und dem Personal, aber auch ein&nbsp;achtsamer Blick auf die Familien&nbsp;sind unabl\u00e4ssig.&nbsp;<\/p>\n\n\n\n<p><strong>Fr\u00fchkindliche Bildung \/ Vorschulalter<\/strong>:\u00a0<br>1. Kinderg\u00e4rten\u00a0m\u00fcssen ab dem 14. Februar wieder f\u00fcr alle offen sein.<br>2. Die Gruppen sollen eine feste Gruppengr\u00f6\u00dfe von 15 Kindern nicht \u00fcberschreiten.\u00a0<br>3. Alle 20 Minuten f\u00fcr 3 Minuten l\u00fcften muss gew\u00e4hrleistet sein.\u00a0<br>4. Die ErzieherInnen sollen (bis zu einer baldm\u00f6glichsten Impfung) einmal pro\u00a0Woche eine Schnelltest durchf\u00fchren.\u00a0<br>5. Allen ErzieherInnen muss vom Tr\u00e4ger kostenlos t\u00e4glich eine FFP2 Maske zur Verf\u00fcgung gestellt werden.\u00a0<br>6. Gruppen sollen sich nicht durchmischen. Die Einteilung der Gruppen erfolgt im Schichtbetrieb (vormittags und\u00a0nachmittags). Die M\u00f6glichkeit einer ganzt\u00e4gigen Notbetreuung muss erm\u00f6glicht werden.\u00a0<br>7. Aufgrund von Personalmangel muss die Betreuungszeit pro Kind reduziert werden k\u00f6nnen.\u00a0<br><strong>Grund- und F\u00f6rderschulen sowie Horte und Mittagsbetreuung<\/strong>:\u00a0<br>1. Grund- und F\u00f6rderschulen\u00a0m\u00fcssen ab dem 14. Februar im Wechselbetrieb arbeiten. Die M\u00f6glichkeiten hierzu sind vielf\u00e4ltig und m\u00fcssen jeder Schule selbst \u00fcberlassen bleiben.<br>2. Die Klassen d\u00fcrfen eine feste Klassengr\u00f6\u00dfe von 15 Kindern in den Grundschulen und 8 Kindern in den F\u00f6rderzentren nicht\u00a0\u00fcberschreiten. In F\u00f6rderschulen mit besonderen Erfordernissen muss ggf. eine geringere H\u00f6chstgrenze der Sch\u00fclerInnen pro Klasse von der Schulleitung individuell gestaltet werden k\u00f6nnen.\u00a0<br>3. Nur in Ausnahmef\u00e4llen soll von einer Schulpflicht (pr\u00e4senz) auf eine Beschulungspflicht\u00a0(online) gewechselt werden k\u00f6nnen. Es entscheidet das jeweilige Schulamt.\u00a0<br>4. Es muss in jedem Fall gew\u00e4hrleistet sein, dass jede Sch\u00fclerIn in direktem Kontakt zu Lehrkr\u00e4ften steht.\u00a0<br>5. Alle Schulleitungen sollen darauf achten, dass Lehrkr\u00e4fte, deren Unterricht pandemiebedingt\u00a0entf\u00e4llt, die anderen Lehrkr\u00e4fte unterst\u00fctzen.\u00a0<br>6. Die M\u00f6glichkeiten des Schichtbetriebs muss von jedem Sachaufwandstr\u00e4ger gepr\u00fcft werden und wo irgend m\u00f6glich zur Anwendung kommen.\u00a0<br>7. Alle Lehrkr\u00e4fte sollen (bis zu einer baldm\u00f6glichsten Impfung) w\u00f6chentlich einen Schnelltest\u00a0durchf\u00fchren.\u00a0<br>8. Allen Lehrkr\u00e4fte, ErzieherInnen und p\u00e4dagogisches Personal in den jeweiligen Einrichtungen muss vom Arbeitgeber kostenlos t\u00e4glich eine FFP2 Maske zur Verf\u00fcgung gestellt werden. Es\u00a006. Februar 2021\u00a0besteht im gesamten Schulhaus bzw. Hort f\u00fcr alle anwesenden\u00a0Maskenpflicht. Diese kann nur bei mindestens 2m Abstand (am Sitzplatz) abgesetzt werden.\u00a0<br>9. Klassen d\u00fcrfen sich nicht durchmischen, individuelle Pausen sind unabdingbar.\u00a0<br>10. Alle 20 Minuten f\u00fcr 3 Minuten l\u00fcften muss gew\u00e4hrleistet sein. Klassenzimmer ohne Fenster sind\u00a0entweder nicht nutzbar oder m\u00fcssen mit einem Luftfilter ausgestattet sein.\u00a0<br><strong>Mittelschulen<\/strong>:\u00a01. F\u00fcr Mittelschulen gilt analog alles wie zu den Grundschulen.\u00a02. Eine sondere Beachtung sollen hier die DaZ Klassen haben!\u00a03. Abschlussklassen sind in jedem Fall im Regelbetrieb zu f\u00fchren.\u00a0Die Klassengr\u00f6\u00dfe von 15 ist jeweils absolut zu beachten!\u00a04. M\u00f6glichkeiten des Schichtbetriebs sind sorgf\u00e4ltig zu pr\u00fcfen und wo immer m\u00f6glich zur Anwendung kommen.\u00a0<br><strong>Realschulen \/ Wirtschaftsschulen \/ Gesamtschulen:<\/strong>\u00a0<br>1. F\u00fcr Real-, Wirtschafts- und Gesamtschulen gilt alles\u00a0analog wie zu den Mittelschulen.\u00a0<br>2. Die Klassengr\u00f6\u00dfe ist jeweils absolut zu beachten!\u00a0<br><strong>Gymnasien:<\/strong>\u00a0<br>1. Alle Klassen sollen das Angebot zum Wechselunterricht haben.\u00a0<br>2. In den Jahrgangsstufen 6 bis 10 soll es auf einen einfachen Antrag hin die M\u00f6glichkeiten zur digitalen Teilnahme am\u00a0Unterricht geben.\u00a0<br>3. Die Klassen 5 sowie Q 11 mit Q 12 sind in jedem Fall im Pr\u00e4senzunterricht zu f\u00fchren (Ausnahmen nur bei besonders gef\u00e4hrdeten Sch\u00fclerInnen m\u00f6glich). Die Gr\u00f6\u00dfe der Klassen bzw. Kurse darf 15 nur \u00fcberschreiten, wenn ausreichend gro\u00dfe Klassenzimmer\u00a0(Abstand!) zur Verf\u00fcgung stehen.\u00a0<br>4. Die Oberstufenphase Q 11 und Q 12 sollen im Regelbetrieb laufen.\u00a05. Analog gilt alles wie zu den Realschulen.\u00a0<br><strong>Berufsschulen \/ FOS \/ BOS \/ Jungarbeiterklassen u.\u00e4<\/strong>.\u00a0<br>1. Berufsschulen sollen in jedem Fall den Wechselunterricht wieder einrichten.\u00a0<br>2. Die Sch\u00fclerInnen sollen selbst entscheiden k\u00f6nnen, ob sie regelm\u00e4\u00dfig digital oder in Pr\u00e4senz am Unterricht teilnehmen m\u00f6chten.\u00a0<br>3. Analog gilt alles weitere wie zu den Gymnasien.\u00a0<\/p>\n","protected":false},"excerpt":{"rendered":"<p>Die Schulen werden gerade vom Mangelmanagement der Regierung in der so genannten Corona-Krise gebeutelt. Die GEW Aschaffenburg-Miltenberg stellt L\u00f6sungsans\u00e4tze vor:Monika Hartl 1. Vorsitzende der GEW Aschaffenburg-Miltenberg:Grunds\u00e4tzlich muss eine Diversit\u00e4t gelebt werden. Dies setzt voraus, dass die Schulgemeinschaft&nbsp;bestehend aus Schulleitung, Lehrpersonal, Hort, Mittagsbetreuung, Eltern und Sch\u00fcler sich gemeinsam, in Absprache mit dem Sachaufwandstr\u00e4ger, auf einen Plan<\/p><\/div>\n<div class=\"blog-btn\"><a href=\"https:\/\/gew-unterfranken.de\/?p=28528\" class=\"home-blog-btn\">Weiterlesen<\/a><\/p>\n","protected":false},"author":2,"featured_media":28532,"comment_status":"closed","ping_status":"closed","sticky":false,"template":"","format":"standard","meta":[],"categories":[13,24,15],"tags":[3,7],"_links":{"self":[{"href":"https:\/\/gew-unterfranken.de\/index.php?rest_route=\/wp\/v2\/posts\/28528"}],"collection":[{"href":"https:\/\/gew-unterfranken.de\/index.php?rest_route=\/wp\/v2\/posts"}],"about":[{"href":"https:\/\/gew-unterfranken.de\/index.php?rest_route=\/wp\/v2\/types\/post"}],"author":[{"embeddable":true,"href":"https:\/\/gew-unterfranken.de\/index.php?rest_route=\/wp\/v2\/users\/2"}],"replies":[{"embeddable":true,"href":"https:\/\/gew-unterfranken.de\/index.php?rest_route=%2Fwp%2Fv2%2Fcomments&post=28528"}],"version-history":[{"count":4,"href":"https:\/\/gew-unterfranken.de\/index.php?rest_route=\/wp\/v2\/posts\/28528\/revisions"}],"predecessor-version":[{"id":28535,"href":"https:\/\/gew-unterfranken.de\/index.php?rest_route=\/wp\/v2\/posts\/28528\/revisions\/28535"}],"wp:featuredmedia":[{"embeddable":true,"href":"https:\/\/gew-unterfranken.de\/index.php?rest_route=\/wp\/v2\/media\/28532"}],"wp:attachment":[{"href":"https:\/\/gew-unterfranken.de\/index.php?rest_route=%2Fwp%2Fv2%2Fmedia&parent=28528"}],"wp:term":[{"taxonomy":"category","embeddable":true,"href":"https:\/\/gew-unterfranken.de\/index.php?rest_route=%2Fwp%2Fv2%2Fcategories&post=28528"},{"taxonomy":"post_tag","embeddable":true,"href":"https:\/\/gew-unterfranken.de\/index.php?rest_route=%2Fwp%2Fv2%2Ftags&post=28528"}],"curies":[{"name":"wp","href":"https:\/\/api.w.org\/{rel}","templated":true}]}}