{"id":250,"date":"2017-11-25T10:57:34","date_gmt":"2017-11-25T10:57:34","guid":{"rendered":"http:\/\/gew-unterfranken.de\/?p=250"},"modified":"2017-11-25T14:41:30","modified_gmt":"2017-11-25T14:41:30","slug":"gew-hotline-fuer-selbststaendige","status":"publish","type":"post","link":"https:\/\/gew-unterfranken.de\/?p=250","title":{"rendered":"GEW-Hotline f\u00fcr Selbstst\u00e4ndige"},"content":{"rendered":"<h4>Selbstst\u00e4ndige in der Bildung k\u00f6nnen sich von der GEW unter <strong>0800-5894660<\/strong> beraten lassen!<\/h4>\n<p><!--more--><\/p>\n<header>\n<div class=\"teaser-text\">\n<p>Eine neue GEW-Hotline bietet eine sozial- und arbeitsrechtliche Beratung f\u00fcr freiberuflich in der Bildung T\u00e4tige GEW-Mitglieder an. Auch Fragen rund um das Thema Versicherung werden beantwortet.<\/p>\n<\/div>\n<\/header>\n<article>\n<div class=\"news-text-wrap\">\n<p>Die Landesverb\u00e4nde Bayern, Hessen und Baden-W\u00fcrttemberg starten die Hotline als Modellprojekt und wollen damit ihr Angebot f\u00fcr diese Gruppe ausbauen. Die Beratung \u00fcbernimmt der hauptamtliche GEW-Kollege Erwin Denzler aus Bayern.<\/p>\n<p>Die Hotline ist unter der Nummer <strong>0800-5894660<\/strong> erreichbar. Eine pers\u00f6nliche Beratung ist <strong>mittwochs von 16 bis 19 Uhr und freitags von 10 bis 12 Uhr <\/strong>m\u00f6glich.<\/p>\n<\/div>\n<\/article>\n","protected":false},"excerpt":{"rendered":"<p>Selbstst\u00e4ndige in der Bildung k\u00f6nnen sich von der GEW unter 0800-5894660 beraten lassen!<\/p>\n","protected":false},"author":2,"featured_media":275,"comment_status":"closed","ping_status":"closed","sticky":false,"template":"","format":"standard","meta":[],"categories":[2],"tags":[],"_links":{"self":[{"href":"https:\/\/gew-unterfranken.de\/index.php?rest_route=\/wp\/v2\/posts\/250"}],"collection":[{"href":"https:\/\/gew-unterfranken.de\/index.php?rest_route=\/wp\/v2\/posts"}],"about":[{"href":"https:\/\/gew-unterfranken.de\/index.php?rest_route=\/wp\/v2\/types\/post"}],"author":[{"embeddable":true,"href":"https:\/\/gew-unterfranken.de\/index.php?rest_route=\/wp\/v2\/users\/2"}],"replies":[{"embeddable":true,"href":"https:\/\/gew-unterfranken.de\/index.php?rest_route=%2Fwp%2Fv2%2Fcomments&post=250"}],"version-history":[{"count":2,"href":"https:\/\/gew-unterfranken.de\/index.php?rest_route=\/wp\/v2\/posts\/250\/revisions"}],"predecessor-version":[{"id":252,"href":"https:\/\/gew-unterfranken.de\/index.php?rest_route=\/wp\/v2\/posts\/250\/revisions\/252"}],"wp:featuredmedia":[{"embeddable":true,"href":"https:\/\/gew-unterfranken.de\/index.php?rest_route=\/wp\/v2\/media\/275"}],"wp:attachment":[{"href":"https:\/\/gew-unterfranken.de\/index.php?rest_route=%2Fwp%2Fv2%2Fmedia&parent=250"}],"wp:term":[{"taxonomy":"category","embeddable":true,"href":"https:\/\/gew-unterfranken.de\/index.php?rest_route=%2Fwp%2Fv2%2Fcategories&post=250"},{"taxonomy":"post_tag","embeddable":true,"href":"https:\/\/gew-unterfranken.de\/index.php?rest_route=%2Fwp%2Fv2%2Ftags&post=250"}],"curies":[{"name":"wp","href":"https:\/\/api.w.org\/{rel}","templated":true}]}}