{"id":232,"date":"2017-11-24T10:47:47","date_gmt":"2017-11-24T10:47:47","guid":{"rendered":"http:\/\/gew-unterfranken.de\/?p=232"},"modified":"2017-11-24T11:08:25","modified_gmt":"2017-11-24T11:08:25","slug":"was-erwartet-mich-im-referendariat","status":"publish","type":"post","link":"https:\/\/gew-unterfranken.de\/?p=232","title":{"rendered":"Was erwartet mich im Referendariat?"},"content":{"rendered":"<h4>Gut vorbereitet in den Vorbereitungsdienst<\/h4>\n<p>Mittwoch, 6.12.2017, 18 Uhr c.t.<br \/>\nWittelsbacher Platz<\/p>\n<p>Seminarleiter und Lehrkr\u00e4fte kl\u00e4ren \u00fcber den Ablauf des Vorbereitungsdienstes in Grund-, Mittel- und F\u00f6rderschule wie auch Realschule und Gymnasium auf. Was erwartet Dich und worauf solltest Du Dich einstellen?<br \/>\nDaneben geben wir einen \u00dcberblick \u00fcber alles Wichtige wie Anmeldungen usw. und informieren dar\u00fcber hinaus \u00fcber Themen wie Einstellungschancen. Die Referentinnen stehen euch mit ihrer Erfahrung bei Zweifeln und Fragen zur Verf\u00fcgung.<br \/>\nGrund-, Mittelschule:<br \/>\n(R 02.206) Karola Spaeth-Noller (Seminarlehrerin GS, GEW)<br \/>\nRealschule, Gymnasium:<br \/>\n(H\u00f6rsaal I) Sebastian R\u00fcthlein (Gymnasiallehrer, GEW)<br \/>\nSonderp\u00e4dagogik:<br \/>\n(H\u00f6rsaal II) Daniel Serfas (Sonderschullehrer G)<\/p>\n<p><a href=\"http:\/\/gew-unterfranken.de\/wp-content\/uploads\/2017\/11\/Plakat_Referendariat_20171206.pdf\">Plakat_Referendariat_20171206<\/a><\/p>\n","protected":false},"excerpt":{"rendered":"<p>Gut vorbereitet in den Vorbereitungsdienst Mittwoch, 6.12.2017, 18 Uhr c.t. Wittelsbacher Platz Seminarleiter und Lehrkr\u00e4fte kl\u00e4ren \u00fcber den Ablauf des Vorbereitungsdienstes in Grund-, Mittel- und F\u00f6rderschule wie auch Realschule und Gymnasium auf. Was erwartet Dich und worauf solltest Du Dich einstellen? Daneben geben wir einen \u00dcberblick \u00fcber alles Wichtige wie Anmeldungen usw. und informieren dar\u00fcber<\/p><\/div>\n<div class=\"blog-btn\"><a href=\"https:\/\/gew-unterfranken.de\/?p=232\" class=\"home-blog-btn\">Weiterlesen<\/a><\/p>\n","protected":false},"author":2,"featured_media":234,"comment_status":"closed","ping_status":"closed","sticky":false,"template":"","format":"standard","meta":[],"categories":[24,15],"tags":[9,7,6],"_links":{"self":[{"href":"https:\/\/gew-unterfranken.de\/index.php?rest_route=\/wp\/v2\/posts\/232"}],"collection":[{"href":"https:\/\/gew-unterfranken.de\/index.php?rest_route=\/wp\/v2\/posts"}],"about":[{"href":"https:\/\/gew-unterfranken.de\/index.php?rest_route=\/wp\/v2\/types\/post"}],"author":[{"embeddable":true,"href":"https:\/\/gew-unterfranken.de\/index.php?rest_route=\/wp\/v2\/users\/2"}],"replies":[{"embeddable":true,"href":"https:\/\/gew-unterfranken.de\/index.php?rest_route=%2Fwp%2Fv2%2Fcomments&post=232"}],"version-history":[{"count":4,"href":"https:\/\/gew-unterfranken.de\/index.php?rest_route=\/wp\/v2\/posts\/232\/revisions"}],"predecessor-version":[{"id":240,"href":"https:\/\/gew-unterfranken.de\/index.php?rest_route=\/wp\/v2\/posts\/232\/revisions\/240"}],"wp:featuredmedia":[{"embeddable":true,"href":"https:\/\/gew-unterfranken.de\/index.php?rest_route=\/wp\/v2\/media\/234"}],"wp:attachment":[{"href":"https:\/\/gew-unterfranken.de\/index.php?rest_route=%2Fwp%2Fv2%2Fmedia&parent=232"}],"wp:term":[{"taxonomy":"category","embeddable":true,"href":"https:\/\/gew-unterfranken.de\/index.php?rest_route=%2Fwp%2Fv2%2Fcategories&post=232"},{"taxonomy":"post_tag","embeddable":true,"href":"https:\/\/gew-unterfranken.de\/index.php?rest_route=%2Fwp%2Fv2%2Ftags&post=232"}],"curies":[{"name":"wp","href":"https:\/\/api.w.org\/{rel}","templated":true}]}}