{"id":2190,"date":"2020-01-19T12:12:16","date_gmt":"2020-01-19T12:12:16","guid":{"rendered":"http:\/\/gew-unterfranken.de\/?p=2190"},"modified":"2020-01-22T11:05:04","modified_gmt":"2020-01-22T11:05:04","slug":"wuerzburg-18-01-ein-dreivierteltausend-zeigten-dem-km-die-rote-karte","status":"publish","type":"post","link":"https:\/\/gew-unterfranken.de\/?p=2190","title":{"rendered":"W\u00fcrzburg 18.01.: Ein Dreivierteltausend zeigte dem KM die &#8218;rote Karte&#8216;"},"content":{"rendered":"\n<div class=\"wp-block-file\"><a href=\"https:\/\/gew-unterfranken.de\/wp-content\/uploads\/2020\/01\/2020-01-19-GEW-Ufr-Rote-Karte-fu\u0308r-KuMi.pdf\">Mitteilung der GEW Unterfranken an die Medien, 19.01.2020 <\/a><a href=\"https:\/\/gew-unterfranken.de\/wp-content\/uploads\/2020\/01\/2020-01-19-GEW-Ufr-Rote-Karte-fu\u0308r-KuMi.pdf\" class=\"wp-block-file__button\" download>Herunterladen<\/a><\/div>\n\n\n\n<p> Es mag ja sein, dass eine *C*SU-gesteuerte Regierung die engeren Kontakte zu Petrus hat, der p\u00fcnktlich zum Kundgebungsbeginn einen kalten Schauer \u00fcber dem Unteren Markt in W\u00fcrzburg herunter gehen lie\u00df. Das konnte aber nur symbolisch bekr\u00e4ftigen, dass die Bildungsgewerkschaft GEW die Kolleginnen und Kollegen nicht  im Regen stehen l\u00e4sst. Sie lie\u00df sich auf der in wenigen Tagen organisierten Protestkundgebung nicht vom Wetter beeindrucken und wies zusammen mit den Kolleginnen und Kollegen das &#8222;Pinocchio-Piazolo&#8217;sche Weihnachtspaket&#8220; prompt als  &#8222;v\u00f6lligen Fehlgriff&#8220; und &#8222;Schlag ins Gesicht der Kolleg*innen&#8220; zur\u00fcck.  J\u00f6rg Nellen, Gesch\u00e4ftsf\u00fchrer der GEW Unterfranken, begr\u00fc\u00dfte zun\u00e4chst &#8211; wie er meinte, gro\u00dfz\u00fcgig zu sch\u00e4tzen &#8211; 250 Kolleginnen und Kollegen, die dem Aufruf der Bildungsgewerkschaft gefolgt waren. Doch er musste die Zahl der Teilnehmenden mehrmals nach oben korrigieren. Schlie\u00dflich waren es gut 750 Protestierende, die dem Kultusminister Piazolo in lautstark skandierten Sprechch\u00f6ren &#8222;Es reicht!&#8220; zuriefen und ihm \u00fcberdeutlich die &#8222;rote Karte&#8220; zeigten. <\/p>\n\n\n\n<!--more-->\n\n\n\n<p>Nach dem Redebeitrag des unterfr\u00e4nkischen GEW-Vorsitzenden Martin Heilig sprachen auch die f\u00fchrenden Vertreter der Standesverb\u00e4nde ULLV und KEG. Schlie\u00dflich war es ja die Gemeinsamkeit im Protest, die die starke materielle Kraft auf dem Platz entwickeln konnte. <br>Weiterhin gab es aufr\u00fcttelnde Berichte von Betroffenen wie Anke Schneider von der Grundschule Waldb\u00fcttelbrunn und Sigrid Schwab, langj\u00e4hrige GEW-Personalr\u00e4tin aus Main-Spessart. <br>Einig waren sich alle Redner*innen, dass die von der Regierung seit Jahrzehnten mal so oder mal so vorgesch\u00fctzten Erkl\u00e4rungen f\u00fcr den &#8222;Schweinezyklus&#8220; in der Stellenplanung \u00e4u\u00dferst fadenscheing seien und der jetzt so drastisch zu Tage getretene Mangel von Gewerkschaften und Berufsverb\u00e4nden mit Kritik an der Spar- bzw. K\u00fcrzungspolitik im Bildungsbereich lange vorhergesagt war. Im Gegensatz dazu h\u00e4tte der Lehrerberuf wesentlich attraktiver gemacht werden m\u00fcssen, z. B. durch deutliche Verringerung des Pflichtstundenma\u00dfes, durch ein generelles Vier-Augen-Prinzip in der Unterrichtsf\u00fchrung und eine gleichgestellte Eingangsbesoldung (A13).<br>Am &#8222;offenen Mikrophon&#8220; wurde die Bef\u00fcrchtung ge\u00e4u\u00dfert, dass Minister aus den Reihen der &#8222;Freien W\u00e4hler&#8220; sich Forderungen gegen\u00fcber einer Umkehr in der Einstellpolitik von Lehrpersonal genauso taub zeigen k\u00f6nnten wie die traditionell regierende Partei in Bayern in den letzten Jahrzehnten. Deshalb wurde die Frage gestellt, ob man mit dem KM &#8211; mit Blick auf die erfolgreichen Stra\u00dfen-Proteste im Nachbarland &#8211; nicht auch &#8222;franz\u00f6sisch&#8220; sprechen sollte.<\/p>\n\n\n\n<figure class=\"wp-block-gallery columns-3 is-cropped\"><ul class=\"blocks-gallery-grid\"><li class=\"blocks-gallery-item\"><figure><img loading=\"lazy\" width=\"1024\" height=\"768\" src=\"https:\/\/gew-unterfranken.de\/wp-content\/uploads\/2020\/01\/P1060885-1024x768.jpg\" alt=\"\" data-id=\"2214\" data-link=\"https:\/\/gew-unterfranken.de\/?attachment_id=2214\" class=\"wp-image-2214\" srcset=\"https:\/\/gew-unterfranken.de\/wp-content\/uploads\/2020\/01\/P1060885-1024x768.jpg 1024w, https:\/\/gew-unterfranken.de\/wp-content\/uploads\/2020\/01\/P1060885-300x225.jpg 300w, https:\/\/gew-unterfranken.de\/wp-content\/uploads\/2020\/01\/P1060885-768x576.jpg 768w, https:\/\/gew-unterfranken.de\/wp-content\/uploads\/2020\/01\/P1060885-1536x1152.jpg 1536w, https:\/\/gew-unterfranken.de\/wp-content\/uploads\/2020\/01\/P1060885-2048x1536.jpg 2048w\" sizes=\"(max-width: 1024px) 100vw, 1024px\" \/><\/figure><\/li><li class=\"blocks-gallery-item\"><figure><img loading=\"lazy\" width=\"1024\" height=\"768\" src=\"https:\/\/gew-unterfranken.de\/wp-content\/uploads\/2020\/01\/P1060894-1024x768.jpg\" alt=\"\" data-id=\"2215\" data-link=\"https:\/\/gew-unterfranken.de\/?attachment_id=2215\" class=\"wp-image-2215\" srcset=\"https:\/\/gew-unterfranken.de\/wp-content\/uploads\/2020\/01\/P1060894-1024x768.jpg 1024w, https:\/\/gew-unterfranken.de\/wp-content\/uploads\/2020\/01\/P1060894-300x225.jpg 300w, https:\/\/gew-unterfranken.de\/wp-content\/uploads\/2020\/01\/P1060894-768x576.jpg 768w, https:\/\/gew-unterfranken.de\/wp-content\/uploads\/2020\/01\/P1060894-1536x1152.jpg 1536w, https:\/\/gew-unterfranken.de\/wp-content\/uploads\/2020\/01\/P1060894-2048x1536.jpg 2048w\" sizes=\"(max-width: 1024px) 100vw, 1024px\" \/><\/figure><\/li><li class=\"blocks-gallery-item\"><figure><img loading=\"lazy\" width=\"1024\" height=\"768\" src=\"https:\/\/gew-unterfranken.de\/wp-content\/uploads\/2020\/01\/P1060879-1024x768.jpg\" alt=\"\" data-id=\"2216\" data-link=\"https:\/\/gew-unterfranken.de\/?attachment_id=2216\" class=\"wp-image-2216\" srcset=\"https:\/\/gew-unterfranken.de\/wp-content\/uploads\/2020\/01\/P1060879-1024x768.jpg 1024w, https:\/\/gew-unterfranken.de\/wp-content\/uploads\/2020\/01\/P1060879-300x225.jpg 300w, https:\/\/gew-unterfranken.de\/wp-content\/uploads\/2020\/01\/P1060879-768x576.jpg 768w, https:\/\/gew-unterfranken.de\/wp-content\/uploads\/2020\/01\/P1060879-1536x1152.jpg 1536w, https:\/\/gew-unterfranken.de\/wp-content\/uploads\/2020\/01\/P1060879-2048x1536.jpg 2048w\" sizes=\"(max-width: 1024px) 100vw, 1024px\" \/><\/figure><\/li><li class=\"blocks-gallery-item\"><figure><img loading=\"lazy\" width=\"800\" height=\"600\" src=\"https:\/\/gew-unterfranken.de\/wp-content\/uploads\/2020\/01\/k-IMG_5156.jpg\" alt=\"\" data-id=\"2217\" data-link=\"https:\/\/gew-unterfranken.de\/?attachment_id=2217\" class=\"wp-image-2217\" srcset=\"https:\/\/gew-unterfranken.de\/wp-content\/uploads\/2020\/01\/k-IMG_5156.jpg 800w, https:\/\/gew-unterfranken.de\/wp-content\/uploads\/2020\/01\/k-IMG_5156-300x225.jpg 300w, https:\/\/gew-unterfranken.de\/wp-content\/uploads\/2020\/01\/k-IMG_5156-768x576.jpg 768w\" sizes=\"(max-width: 800px) 100vw, 800px\" \/><\/figure><\/li><li class=\"blocks-gallery-item\"><figure><img loading=\"lazy\" width=\"962\" height=\"603\" src=\"https:\/\/gew-unterfranken.de\/wp-content\/uploads\/2020\/01\/GEW-Betriebsgruppe-Comenius-SchuleAB.jpg\" alt=\"\" data-id=\"2219\" data-link=\"https:\/\/gew-unterfranken.de\/?attachment_id=2219\" class=\"wp-image-2219\" srcset=\"https:\/\/gew-unterfranken.de\/wp-content\/uploads\/2020\/01\/GEW-Betriebsgruppe-Comenius-SchuleAB.jpg 962w, https:\/\/gew-unterfranken.de\/wp-content\/uploads\/2020\/01\/GEW-Betriebsgruppe-Comenius-SchuleAB-300x188.jpg 300w, https:\/\/gew-unterfranken.de\/wp-content\/uploads\/2020\/01\/GEW-Betriebsgruppe-Comenius-SchuleAB-768x481.jpg 768w\" sizes=\"(max-width: 962px) 100vw, 962px\" \/><\/figure><\/li><li class=\"blocks-gallery-item\"><figure><img loading=\"lazy\" width=\"1024\" height=\"768\" src=\"https:\/\/gew-unterfranken.de\/wp-content\/uploads\/2020\/01\/P1060896-1024x768.jpg\" alt=\"\" data-id=\"2220\" data-full-url=\"https:\/\/gew-unterfranken.de\/wp-content\/uploads\/2020\/01\/P1060896.jpg\" data-link=\"https:\/\/gew-unterfranken.de\/?attachment_id=2220\" class=\"wp-image-2220\" srcset=\"https:\/\/gew-unterfranken.de\/wp-content\/uploads\/2020\/01\/P1060896-1024x768.jpg 1024w, https:\/\/gew-unterfranken.de\/wp-content\/uploads\/2020\/01\/P1060896-300x225.jpg 300w, https:\/\/gew-unterfranken.de\/wp-content\/uploads\/2020\/01\/P1060896-768x576.jpg 768w, https:\/\/gew-unterfranken.de\/wp-content\/uploads\/2020\/01\/P1060896-1536x1152.jpg 1536w, https:\/\/gew-unterfranken.de\/wp-content\/uploads\/2020\/01\/P1060896-2048x1536.jpg 2048w\" sizes=\"(max-width: 1024px) 100vw, 1024px\" \/><\/figure><\/li><\/ul><\/figure>\n\n\n\n<p>erstes Medien-Echo:<br><a rel=\"noreferrer noopener\" aria-label=\"MAIN-POST (\u00f6ffnet in neuem Tab)\" href=\"https:\/\/www.mainpost.de\/regional\/wuerzburg\/Darum-demonstrierten-hunderte-Lehrer-in-Wuerzburg;art735,10389782\" target=\"_blank\">MAIN-POST<\/a><br><a rel=\"noreferrer noopener\" aria-label=\" (\u00f6ffnet in neuem Tab)\" href=\"https:\/\/www.br.de\/mediathek\/video\/protest-gegen-piazolo-paket-lehrer-zeigen-kultusministerium-die-rote-karte-av:5e233057f6e80600129e4914\" target=\"_blank\">BR-Frankenschau<\/a><br><a rel=\"noreferrer noopener\" aria-label=\"BR-Rundschau (\u00f6ffnet in neuem Tab)\" href=\"https:\/\/www.br.de\/mediathek\/video\/rundschau-1830-18012020-bauern-demonstrieren-fuer-agrarwende-av:5de8b665be10560019ceb414\" target=\"_blank\">BR-Rundschau<\/a><br><a rel=\"noreferrer noopener\" aria-label=\"inFranken.de (\u00f6ffnet in neuem Tab)\" href=\"https:\/\/www.infranken.de\/regional\/kitzingen\/lokales\/schuss-ohne-vorwarnung;art113220,4771670\" target=\"_blank\">inFranken.de<\/a><\/p>\n\n\n\n<p><strong>Zu den Auswirkungen im Einzelnen:<\/strong><br>&#8222;W\u00fcrzburger F\u00f6rderlehrerin darf nach 42 Dienstjahren nicht in Ruhestand&#8220; <a rel=\"noreferrer noopener\" aria-label=\"MAIN-POST (\u00f6ffnet in neuem Tab)\" href=\"https:\/\/www.mainpost.de\/regional\/wuerzburg\/Das-ist-nicht-gerecht-Wuerzburger-Foerderlehrerin-darf-nach-42-Dienstjahren-nicht-in-Ruhestand;art735,10389031\" target=\"_blank\">MAIN-POST<\/a><\/p>\n","protected":false},"excerpt":{"rendered":"<p>Es mag ja sein, dass eine *C*SU-gesteuerte Regierung die engeren Kontakte zu Petrus hat, der p\u00fcnktlich zum Kundgebungsbeginn einen kalten Schauer \u00fcber dem Unteren Markt in W\u00fcrzburg herunter gehen lie\u00df. Das konnte aber nur symbolisch bekr\u00e4ftigen, dass die Bildungsgewerkschaft GEW die Kolleginnen und Kollegen nicht im Regen stehen l\u00e4sst. Sie lie\u00df sich auf der in<\/p><\/div>\n<div class=\"blog-btn\"><a href=\"https:\/\/gew-unterfranken.de\/?p=2190\" class=\"home-blog-btn\">Weiterlesen<\/a><\/p>\n","protected":false},"author":2,"featured_media":2213,"comment_status":"closed","ping_status":"closed","sticky":false,"template":"","format":"standard","meta":[],"categories":[24,25,15],"tags":[39,26,7],"_links":{"self":[{"href":"https:\/\/gew-unterfranken.de\/index.php?rest_route=\/wp\/v2\/posts\/2190"}],"collection":[{"href":"https:\/\/gew-unterfranken.de\/index.php?rest_route=\/wp\/v2\/posts"}],"about":[{"href":"https:\/\/gew-unterfranken.de\/index.php?rest_route=\/wp\/v2\/types\/post"}],"author":[{"embeddable":true,"href":"https:\/\/gew-unterfranken.de\/index.php?rest_route=\/wp\/v2\/users\/2"}],"replies":[{"embeddable":true,"href":"https:\/\/gew-unterfranken.de\/index.php?rest_route=%2Fwp%2Fv2%2Fcomments&post=2190"}],"version-history":[{"count":28,"href":"https:\/\/gew-unterfranken.de\/index.php?rest_route=\/wp\/v2\/posts\/2190\/revisions"}],"predecessor-version":[{"id":2506,"href":"https:\/\/gew-unterfranken.de\/index.php?rest_route=\/wp\/v2\/posts\/2190\/revisions\/2506"}],"wp:featuredmedia":[{"embeddable":true,"href":"https:\/\/gew-unterfranken.de\/index.php?rest_route=\/wp\/v2\/media\/2213"}],"wp:attachment":[{"href":"https:\/\/gew-unterfranken.de\/index.php?rest_route=%2Fwp%2Fv2%2Fmedia&parent=2190"}],"wp:term":[{"taxonomy":"category","embeddable":true,"href":"https:\/\/gew-unterfranken.de\/index.php?rest_route=%2Fwp%2Fv2%2Fcategories&post=2190"},{"taxonomy":"post_tag","embeddable":true,"href":"https:\/\/gew-unterfranken.de\/index.php?rest_route=%2Fwp%2Fv2%2Ftags&post=2190"}],"curies":[{"name":"wp","href":"https:\/\/api.w.org\/{rel}","templated":true}]}}