{"id":19209,"date":"2020-09-25T12:40:57","date_gmt":"2020-09-25T12:40:57","guid":{"rendered":"http:\/\/gew-unterfranken.de\/?p=19209"},"modified":"2020-10-16T12:48:16","modified_gmt":"2020-10-16T12:48:16","slug":"gew-hier-ihre-lohnerhoehung","status":"publish","type":"post","link":"https:\/\/gew-unterfranken.de\/?p=19209","title":{"rendered":"GEW: Hier Ihre Lohnerh\u00f6hung!"},"content":{"rendered":"\n<p>Die Bildungsgewerkschaft GEW im DGB gab unter dem Motto&nbsp;Gute Leistung braucht gutes Geld&nbsp;am Freitag in W\u00fcrzburg sybolisch Geldscheine mit ihren Forderungen im Tarifkonflik im \u00f6ffentlichen Dienst an \u00fcberraschte Passanten aus.&nbsp;<\/p>\n\n\n\n<p> <strong>Hintergrund:&nbsp;<\/strong><\/p>\n\n\n\n<p>\nAm\n01. September begannen die Verhandlungen der Tarifrunde 2020 f\u00fcr den\n\u00f6ffentlichen Dienst von&nbsp;Bund und Kommunen (TV\u00f6D), nachdem der\nTarifvertrag von 2018 am 31.08.2020 gek\u00fcndigt wurde. Nun sind sie\ndurch den Widerstand der Arbeitgeber ins Stocken geraten. Die GEW\nruft daher die Betroffenen (Angestellte und Beamt*innen im\n\u00f6ffentlichen Dienst) zu einer &nbsp;Blitzaktion unter\nCoronabedingungen (Abstand, Masken, Hygieneregeln) auf:<\/p>\n\n\n\n<p>\n&#8222;Die\nLeistung der Besch\u00e4ftigten w\u00e4hrend der Corona-Pandemie m\u00fcssen\nanerkannt werden,&#8220; fordert der Betriebsrat beim\nBezirksjugendring Unterfranken, Christian G\u00fcndling. Konkret fordern\ndie Gewerkschaften eine&nbsp;<strong>Entgelterh\u00f6hung von 4,8%,<\/strong>&nbsp;mindestens\naber&nbsp;<strong>150 \u20ac,<\/strong>&nbsp;bei einer Tarifvertragslaufzeit von 12\nMonaten.&nbsp;Beispielsweise w\u00fcrde so das Einstiegsgehalt\neiner\/eines&nbsp;Erzieher*in&nbsp;in Vollzeit&nbsp;<strong>in einer\nEinrichtung wie der Kita an der L\u00f6wenbr\u00fccke in W\u00fcrzburg<\/strong>&nbsp;nicht\nmehr wie bislang 2.829,77 \u20ac betragen, sondern um 150 \u20ac auf\n2.979,77 \u20ac&nbsp;ansteigen (S8a, Stufe 1), so G\u00fcndling.<\/p>\n\n\n\n<p>\n\u201eAuch\nf\u00fcr all diejenigen in der Ausbildung, im Praktikum und im dualen\nStudium im \u00f6ffentlichen Dienst fordert die GEW mehr Wertsch\u00e4tzung\u201c,\nso&nbsp;Anton Salzbrunn, Landesvorsitzender der GEW Bayern. \u201eIhre\nEntgelte sollen um&nbsp;<strong>100\n\u20ac<\/strong>&nbsp;monatlich\nsteigen\u201c. Nur so k\u00f6nne der \u00f6ffentliche Dienst f\u00fcr\nArbeitnehmer*innen attraktiv bleiben und dem Fachkr\u00e4ftemangel\nEinhalt geboten werden, wei\u00df auch Bundes-GEW-Vorsitzende Marlis\nTepe.<\/p>\n\n\n\n<p>\nAm\n01. September begannen die Verhandlungen der Tarifrunde 2020 f\u00fcr den\n\u00f6ffentlichen Dienst von&nbsp;Bund und Kommunen (TV\u00f6D), nachdem der\nTarifvertrag von 2018 am 31.08.2020 gek\u00fcndigt wurde. Nun sind sie\ndurch den Widerstand der Arbeitgeber ins Stocken geraten. Die GEW\nruft daher die Betroffenen (Angestellte und Beamt*innen im\n\u00f6ffentlichen Dienst) zu einer &nbsp;Blitzaktion unter\nCoronabedingungen (Abstand, Masken, Hygieneregeln) auf:<\/p>\n\n\n\n<p>\n&#8222;Die\nLeistung der Besch\u00e4ftigten w\u00e4hrend der Corona-Pandemie m\u00fcssen\nanerkannt werden,&#8220; fordert der Betriebsrat beim\nBezirksjugendring Unterfranken, Christian G\u00fcndling. Konkret fordern\ndie Gewerkschaften eine&nbsp;<strong>Entgelterh\u00f6hung von 4,8%,<\/strong>&nbsp;mindestens\naber&nbsp;<strong>150 \u20ac,<\/strong>&nbsp;bei einer Tarifvertragslaufzeit von 12\nMonaten.&nbsp;Beispielsweise w\u00fcrde so das Einstiegsgehalt\neiner\/eines&nbsp;Erzieher*in&nbsp;in Vollzeit&nbsp;<strong>in einer\nEinrichtung wie der Kita an der L\u00f6wenbr\u00fccke in W\u00fcrzburg<\/strong>&nbsp;nicht\nmehr wie bislang 2.829,77 \u20ac betragen, sondern um 150 \u20ac auf\n2.979,77 \u20ac&nbsp;ansteigen (S8a, Stufe 1), so G\u00fcndling.<\/p>\n\n\n\n<p> \u201eAuch f\u00fcr all diejenigen in der Ausbildung, im Praktikum und im dualen Studium im \u00f6ffentlichen Dienst fordert die GEW mehr Wertsch\u00e4tzung\u201c, so&nbsp;Anton Salzbrunn, Landesvorsitzender der GEW Bayern. \u201eIhre Entgelte sollen um&nbsp;<strong>100 \u20ac<\/strong>&nbsp;monatlich steigen\u201c. Nur so k\u00f6nne der \u00f6ffentliche Dienst f\u00fcr Arbeitnehmer*innen attraktiv bleiben und dem Fachkr\u00e4ftemangel Einhalt geboten werden, betont Bundes-GEW-Vorsitzende Marlis Tepe.<\/p>\n\n\n\n<p>  Foto obben: Andrea Wieczorek <\/p>\n","protected":false},"excerpt":{"rendered":"<p>Die Bildungsgewerkschaft GEW im DGB gab unter dem Motto&nbsp;Gute Leistung braucht gutes Geld&nbsp;am Freitag in W\u00fcrzburg sybolisch Geldscheine mit ihren Forderungen im Tarifkonflik im \u00f6ffentlichen Dienst an \u00fcberraschte Passanten aus.&nbsp; Hintergrund:&nbsp; Am 01. September begannen die Verhandlungen der Tarifrunde 2020 f\u00fcr den \u00f6ffentlichen Dienst von&nbsp;Bund und Kommunen (TV\u00f6D), nachdem der Tarifvertrag von 2018 am 31.08.2020<\/p><\/div>\n<div class=\"blog-btn\"><a href=\"https:\/\/gew-unterfranken.de\/?p=19209\" class=\"home-blog-btn\">Weiterlesen<\/a><\/p>\n","protected":false},"author":2,"featured_media":19224,"comment_status":"closed","ping_status":"closed","sticky":false,"template":"","format":"standard","meta":[],"categories":[24,25],"tags":[],"_links":{"self":[{"href":"https:\/\/gew-unterfranken.de\/index.php?rest_route=\/wp\/v2\/posts\/19209"}],"collection":[{"href":"https:\/\/gew-unterfranken.de\/index.php?rest_route=\/wp\/v2\/posts"}],"about":[{"href":"https:\/\/gew-unterfranken.de\/index.php?rest_route=\/wp\/v2\/types\/post"}],"author":[{"embeddable":true,"href":"https:\/\/gew-unterfranken.de\/index.php?rest_route=\/wp\/v2\/users\/2"}],"replies":[{"embeddable":true,"href":"https:\/\/gew-unterfranken.de\/index.php?rest_route=%2Fwp%2Fv2%2Fcomments&post=19209"}],"version-history":[{"count":3,"href":"https:\/\/gew-unterfranken.de\/index.php?rest_route=\/wp\/v2\/posts\/19209\/revisions"}],"predecessor-version":[{"id":19225,"href":"https:\/\/gew-unterfranken.de\/index.php?rest_route=\/wp\/v2\/posts\/19209\/revisions\/19225"}],"wp:featuredmedia":[{"embeddable":true,"href":"https:\/\/gew-unterfranken.de\/index.php?rest_route=\/wp\/v2\/media\/19224"}],"wp:attachment":[{"href":"https:\/\/gew-unterfranken.de\/index.php?rest_route=%2Fwp%2Fv2%2Fmedia&parent=19209"}],"wp:term":[{"taxonomy":"category","embeddable":true,"href":"https:\/\/gew-unterfranken.de\/index.php?rest_route=%2Fwp%2Fv2%2Fcategories&post=19209"},{"taxonomy":"post_tag","embeddable":true,"href":"https:\/\/gew-unterfranken.de\/index.php?rest_route=%2Fwp%2Fv2%2Ftags&post=19209"}],"curies":[{"name":"wp","href":"https:\/\/api.w.org\/{rel}","templated":true}]}}