{"id":140,"date":"2017-10-29T22:38:26","date_gmt":"2017-10-29T22:38:26","guid":{"rendered":"http:\/\/lob-muss-weg.de\/?p=140"},"modified":"2017-10-29T22:38:26","modified_gmt":"2017-10-29T22:38:26","slug":"gew-und-schullandheimwerk-unterfranken-feiern","status":"publish","type":"post","link":"https:\/\/gew-unterfranken.de\/?p=140","title":{"rendered":"GEW und Schullandheimwerk Unterfranken feiern"},"content":{"rendered":"<p><span style=\"font-family: Arial; font-size: small;\">25 Jahre Roland-Eller-Umweltzentrum im Schullandheim Hobbach<\/span><\/p>\n<p><span style=\"font-family: Arial; font-size: small;\">Als langj\u00e4hriges Mitglied im SWU (Schullandheimwerk Unterfranken) wurde die GEW zu diesem zum Festakt eingeladen. Als GEW-Vertreter nahmen Wolfgang Berberich, Mitglied im SWU, und Peter Adler f\u00fcr die GEW Unterfranken am Festakt teil.<br \/>\nDer Festabend war hochrangig besetzt. Neben Vertretern des Schulheimwerks lobten Landrat Dr. Ulrich Reuter (AB) und Regierungspr\u00e4sident Dr. Paul Beinhofer in ihren Redebeitr\u00e4gen die hervorragende Arbeit des Hauses Hobbach.<br \/>\nDas Schullandheim Hobbach ist das bestbesuchte Haus in Bayern und bietet Schulklassen eine F\u00fclle von Angeboten. Dies wurde den G\u00e4sten an Info-St\u00e4nden im Au\u00dfenbereich demonstriert:<br \/>\n&#8211; Die erste europ\u00e4ische Wasserschule mit einer Vielzahl an Erkundungsm\u00f6glichkeiten im Bach Elsava und Auswertung im Labor<br \/>\n&#8211; Wie gewinnen wir Honig<br \/>\n&#8211; Vom Schaf zur Wolle<\/span><\/p>\n<p><span style=\"font-family: Arial; font-size: small;\">Am Samstagvormittag gab es 4 Arbeitsgruppen, die sich mit dem Thema &#8220; Faszination V\u00f6gel&#8220; (Spielen-Forschen-Sch\u00fctzen) besch\u00e4ftigten.<br \/>\nBericht: W. Berberich, Bilder Peter Adler, beide GEW Unterfranken<\/span><\/p>\n","protected":false},"excerpt":{"rendered":"<p>25 Jahre Roland-Eller-Umweltzentrum im Schullandheim Hobbach Als langj\u00e4hriges Mitglied im SWU (Schullandheimwerk Unterfranken) wurde die GEW zu diesem zum Festakt eingeladen. Als GEW-Vertreter nahmen Wolfgang Berberich, Mitglied im SWU, und Peter Adler f\u00fcr die GEW Unterfranken am Festakt teil. Der Festabend war hochrangig besetzt. Neben Vertretern des Schulheimwerks lobten Landrat Dr. Ulrich Reuter (AB) und<\/p><\/div>\n<div class=\"blog-btn\"><a href=\"https:\/\/gew-unterfranken.de\/?p=140\" class=\"home-blog-btn\">Weiterlesen<\/a><\/p>\n","protected":false},"author":2,"featured_media":141,"comment_status":"closed","ping_status":"closed","sticky":false,"template":"","format":"standard","meta":[],"categories":[24,15],"tags":[7],"_links":{"self":[{"href":"https:\/\/gew-unterfranken.de\/index.php?rest_route=\/wp\/v2\/posts\/140"}],"collection":[{"href":"https:\/\/gew-unterfranken.de\/index.php?rest_route=\/wp\/v2\/posts"}],"about":[{"href":"https:\/\/gew-unterfranken.de\/index.php?rest_route=\/wp\/v2\/types\/post"}],"author":[{"embeddable":true,"href":"https:\/\/gew-unterfranken.de\/index.php?rest_route=\/wp\/v2\/users\/2"}],"replies":[{"embeddable":true,"href":"https:\/\/gew-unterfranken.de\/index.php?rest_route=%2Fwp%2Fv2%2Fcomments&post=140"}],"version-history":[{"count":1,"href":"https:\/\/gew-unterfranken.de\/index.php?rest_route=\/wp\/v2\/posts\/140\/revisions"}],"predecessor-version":[{"id":142,"href":"https:\/\/gew-unterfranken.de\/index.php?rest_route=\/wp\/v2\/posts\/140\/revisions\/142"}],"wp:featuredmedia":[{"embeddable":true,"href":"https:\/\/gew-unterfranken.de\/index.php?rest_route=\/wp\/v2\/media\/141"}],"wp:attachment":[{"href":"https:\/\/gew-unterfranken.de\/index.php?rest_route=%2Fwp%2Fv2%2Fmedia&parent=140"}],"wp:term":[{"taxonomy":"category","embeddable":true,"href":"https:\/\/gew-unterfranken.de\/index.php?rest_route=%2Fwp%2Fv2%2Fcategories&post=140"},{"taxonomy":"post_tag","embeddable":true,"href":"https:\/\/gew-unterfranken.de\/index.php?rest_route=%2Fwp%2Fv2%2Ftags&post=140"}],"curies":[{"name":"wp","href":"https:\/\/api.w.org\/{rel}","templated":true}]}}